{"id":98,"date":"2021-01-04T12:38:22","date_gmt":"2021-01-04T11:38:22","guid":{"rendered":"https:\/\/www.azanuy.com\/wordpress\/?p=98"},"modified":"2021-01-04T13:08:38","modified_gmt":"2021-01-04T12:08:38","slug":"1987-viii-semana-cultural","status":"publish","type":"post","link":"https:\/\/www.azanuy.com\/wordpress\/1987-viii-semana-cultural\/","title":{"rendered":"1987 VIII Semana Cultural"},"content":{"rendered":"\n<p>D\u00eda 17 &#8211; Conferencia por Don Jos\u00e9 Mar\u00eda Palac\u00edn Latorre con el tema \u00abLa medicina tradicional en el Altoarag\u00f3n\u00bb.<\/p>\n\n\n\n<p>D\u00eda 18 &#8211; Misa y festival folcl\u00f3rico interpretado por la rondalla Santa B\u00e1rbara de Azanuy.<\/p>\n\n\n\n<p>D\u00eda 19 &#8211; Conferencia por Do\u00f1a Mar\u00eda Teresa Rubio Benito, profesora de geograf\u00eda del colegio universitario de Huesca, con el tema \u00abLas causas de la despoblaci\u00f3n en el Altoarag\u00f3n\u00bb.<\/p>\n\n\n\n<p>D\u00eda 20 &#8211; Concierto de la cantautora \u00abCarmen Escudero\u00bb. Al finalizar sesi\u00f3n de ilusionismo con el mago \u00abEduard\u00bb.<\/p>\n\n\n\n<p>D\u00eda 21 &#8211; Coloquio informativo sobre \u00abAsistencia y prevenci\u00f3n del alcoholismo\u00bb por el doctor Don Santiago Arnal, la asistente social Do\u00f1a Concha Mu\u00f1oz y la participaci\u00f3n de ex-alcoh\u00f3licos pertenecientes a la \u00abAsociaci\u00f3n ex-alcoh\u00f3licos de Arag\u00f3n\u00bb.<\/p>\n\n\n\n<p>D\u00eda 22 &#8211; Conferencia por Don Jos\u00e9 Manuel Alisedo, psic\u00f3logo con el tema \u00abLa psicolog\u00eda en el medio rural\u00bb.<\/p>\n\n\n\n<p>D\u00eda 23 &#8211; Mesa redonda con el tema \u00abLos riegos en Arag\u00f3n: futuro de los riegos en la Litera alta\u00bb. <br>Participan el Exmo. Se\u00f1or Santiago Marraco Solana, presidente de la DGA y Don Eugenio Nadal Reymat, presidente de la CHE; <br>El coloquio ser\u00e1 moderado por el periodista Don Jos\u00e9 Manuel Porquet Gomb\u00e1u del Heraldo de Arag\u00f3n en Huesca.<\/p>\n","protected":false},"excerpt":{"rendered":"<p>D\u00eda 17 &#8211; Conferencia por Don Jos\u00e9 Mar\u00eda Palac\u00edn Latorre con el tema \u00abLa medicina tradicional en el Altoarag\u00f3n\u00bb. D\u00eda 18 &#8211; Misa y festival folcl\u00f3rico interpretado por la rondalla Santa B\u00e1rbara de Azanuy. D\u00eda 19 &#8211; Conferencia por Do\u00f1a Mar\u00eda Teresa Rubio Benito, profesora de geograf\u00eda del colegio universitario de Huesca, con el tema [&hellip;]<\/p>\n","protected":false},"author":1,"featured_media":0,"comment_status":"closed","ping_status":"open","sticky":false,"template":"templates\/template-full-width.php","format":"standard","meta":{"footnotes":""},"categories":[1],"tags":[],"class_list":["post-98","post","type-post","status-publish","format-standard","hentry","category-semana-cultural"],"_links":{"self":[{"href":"https:\/\/www.azanuy.com\/wordpress\/wp-json\/wp\/v2\/posts\/98","targetHints":{"allow":["GET"]}}],"collection":[{"href":"https:\/\/www.azanuy.com\/wordpress\/wp-json\/wp\/v2\/posts"}],"about":[{"href":"https:\/\/www.azanuy.com\/wordpress\/wp-json\/wp\/v2\/types\/post"}],"author":[{"embeddable":true,"href":"https:\/\/www.azanuy.com\/wordpress\/wp-json\/wp\/v2\/users\/1"}],"replies":[{"embeddable":true,"href":"https:\/\/www.azanuy.com\/wordpress\/wp-json\/wp\/v2\/comments?post=98"}],"version-history":[{"count":1,"href":"https:\/\/www.azanuy.com\/wordpress\/wp-json\/wp\/v2\/posts\/98\/revisions"}],"predecessor-version":[{"id":99,"href":"https:\/\/www.azanuy.com\/wordpress\/wp-json\/wp\/v2\/posts\/98\/revisions\/99"}],"wp:attachment":[{"href":"https:\/\/www.azanuy.com\/wordpress\/wp-json\/wp\/v2\/media?parent=98"}],"wp:term":[{"taxonomy":"category","embeddable":true,"href":"https:\/\/www.azanuy.com\/wordpress\/wp-json\/wp\/v2\/categories?post=98"},{"taxonomy":"post_tag","embeddable":true,"href":"https:\/\/www.azanuy.com\/wordpress\/wp-json\/wp\/v2\/tags?post=98"}],"curies":[{"name":"wp","href":"https:\/\/api.w.org\/{rel}","templated":true}]}}