{"id":96,"date":"2021-01-04T12:37:01","date_gmt":"2021-01-04T11:37:01","guid":{"rendered":"https:\/\/www.azanuy.com\/wordpress\/?p=96"},"modified":"2021-01-04T13:08:38","modified_gmt":"2021-01-04T12:08:38","slug":"1986-vii-semana-cultural","status":"publish","type":"post","link":"https:\/\/www.azanuy.com\/wordpress\/1986-vii-semana-cultural\/","title":{"rendered":"1986 VII Semana Cultural"},"content":{"rendered":"\n<p>D\u00eda 18 &#8211; Conferencia por Don Manuel Guti\u00e9rrez Mellado, teniente general en la reserva, con el tema \u00abLas fuerzas armadas en la transici\u00f3n (periodo comprendido entre septiembre de 1976 y febrero de 1981)\u00bb. La presentaci\u00f3n del conferenciante estar\u00e1 a cargo del periodista Don Manuel Campo Vidal.<\/p>\n\n\n\n<p>D\u00eda 19 &#8211; Misa y festival folcl\u00f3rico interpretado por la rondalla Santa B\u00e1rbara de Azanuy.<\/p>\n\n\n\n<p>D\u00eda 21 &#8211; Inauguraci\u00f3n de exposici\u00f3n de cer\u00e1mica.<br>Mesa redonda con el tema \u00abArag\u00f3n ante la Comunidad Econ\u00f3mica Europea\u00bb con los siguientes participantes:<br>&#8211; Por el PSOE Don Francisco Jord\u00e1n de Urries<br>&#8211; Por Coalici\u00f3n Popular Don Enrique Lloret<br>&#8211; Por el PAR Don Javier Alb\u00f3 Aguado<br>&#8211; Por el PCE Don Sixto Agudo Gonz\u00e1lez<br>&#8211; Por el CDS Don Bernardo Baquedano <br>Siendo moderado el coloquio por Don F\u00e9lix Fern\u00e1ndez Bizarra, periodista de Radio Huesca.<\/p>\n\n\n\n<p>D\u00eda 22 &#8211; Coloquio por Don Julio Abio Verdiel, artesano alfarero de Bandali\u00e9s, con el tema \u00abLa cer\u00e1mica aut\u00f3ctona y tradicional\u00bb.<\/p>\n\n\n\n<p>D\u00eda 23 &#8211; Conferencia por Don Rafael Andolz Canela, investigador de las costumbres y tradiciones, con el tema \u00abPersonajes populares del Altoarag\u00f3n\u00bb.<\/p>\n\n\n\n<p>D\u00eda 24 &#8211; Conferencia por Don Antonio Ubieto Arteta, catedr\u00e1tico de historia medieval de la universidad de Zaragoza, con el tema \u00abLa franja oriental de Arag\u00f3n\u00bb.<\/p>\n\n\n\n<p>D\u00eda 25 &#8211; Conferencia por Don \u00c1ngel Gari Lacruz, presidente del Instituto aragon\u00e9s de antropolog\u00eda, con el tema \u00abLa brujer\u00eda en el Altoarag\u00f3n\u00bb.<\/p>\n","protected":false},"excerpt":{"rendered":"<p>D\u00eda 18 &#8211; Conferencia por Don Manuel Guti\u00e9rrez Mellado, teniente general en la reserva, con el tema \u00abLas fuerzas armadas en la transici\u00f3n (periodo comprendido entre septiembre de 1976 y febrero de 1981)\u00bb. La presentaci\u00f3n del conferenciante estar\u00e1 a cargo del periodista Don Manuel Campo Vidal. D\u00eda 19 &#8211; Misa y festival folcl\u00f3rico interpretado por [&hellip;]<\/p>\n","protected":false},"author":1,"featured_media":0,"comment_status":"closed","ping_status":"open","sticky":false,"template":"templates\/template-full-width.php","format":"standard","meta":{"footnotes":""},"categories":[1],"tags":[],"class_list":["post-96","post","type-post","status-publish","format-standard","hentry","category-semana-cultural"],"_links":{"self":[{"href":"https:\/\/www.azanuy.com\/wordpress\/wp-json\/wp\/v2\/posts\/96","targetHints":{"allow":["GET"]}}],"collection":[{"href":"https:\/\/www.azanuy.com\/wordpress\/wp-json\/wp\/v2\/posts"}],"about":[{"href":"https:\/\/www.azanuy.com\/wordpress\/wp-json\/wp\/v2\/types\/post"}],"author":[{"embeddable":true,"href":"https:\/\/www.azanuy.com\/wordpress\/wp-json\/wp\/v2\/users\/1"}],"replies":[{"embeddable":true,"href":"https:\/\/www.azanuy.com\/wordpress\/wp-json\/wp\/v2\/comments?post=96"}],"version-history":[{"count":1,"href":"https:\/\/www.azanuy.com\/wordpress\/wp-json\/wp\/v2\/posts\/96\/revisions"}],"predecessor-version":[{"id":97,"href":"https:\/\/www.azanuy.com\/wordpress\/wp-json\/wp\/v2\/posts\/96\/revisions\/97"}],"wp:attachment":[{"href":"https:\/\/www.azanuy.com\/wordpress\/wp-json\/wp\/v2\/media?parent=96"}],"wp:term":[{"taxonomy":"category","embeddable":true,"href":"https:\/\/www.azanuy.com\/wordpress\/wp-json\/wp\/v2\/categories?post=96"},{"taxonomy":"post_tag","embeddable":true,"href":"https:\/\/www.azanuy.com\/wordpress\/wp-json\/wp\/v2\/tags?post=96"}],"curies":[{"name":"wp","href":"https:\/\/api.w.org\/{rel}","templated":true}]}}