{"id":62,"date":"2020-12-24T18:18:07","date_gmt":"2020-12-24T17:18:07","guid":{"rendered":"http:\/\/93.189.90.189\/?p=62"},"modified":"2021-01-04T13:08:39","modified_gmt":"2021-01-04T12:08:39","slug":"1984-v-semana-cultural","status":"publish","type":"post","link":"https:\/\/www.azanuy.com\/wordpress\/1984-v-semana-cultural\/","title":{"rendered":"1984 V Semana Cultural"},"content":{"rendered":"\n<p>D\u00eda 14 &#8211; Charla-coloquio por Don Manuel Campo Vidal, subdirector presentador del informativo Telediario segunda edici\u00f3n de la primera cadena de RTVE, con el tema \u00abLa televisi\u00f3n en la Espa\u00f1a democr\u00e1tica\u00bb.<br><br>D\u00eda 16 &#8211; Charla-coloquio por Don Rafael Ayerbe Santolaria, director de la escuela de magia del circulo m\u00e1gico oscense, con el tema \u00abuna vida a trav\u00e9s de la magia\u00bb.<br><br>D\u00eda 17 &#8211; Conferencia por Don Severino Pallaruelo Campo, profesor de historia, miembro del instituto aragon\u00e9s de antropolog\u00eda con el tema \u00abEl fin de la sociedad tradicional en el Alto Arag\u00f3n\u00bb.<br><br>D\u00eda 18- Conferencia por Don Le\u00f3n Buil Giral con el tema \u00abBandoleros, pillos y saludadores en la Ribagorza moderna\u00bb.<br><br>D\u00eda 19 &#8211; Charla-coloquio por Do\u00f1a \u00c1ngela Ab\u00f3s Ballar\u00edn, directora provincial del M.E.C. con el tema \u00abLa problem\u00e1tica educativa actual\u00bb.<br><br>D\u00eda 22 &#8211; Misa y festival folcl\u00f3rico interpretado por la rondalla Santa B\u00e1rbara de Azanuy.<\/p>\n","protected":false},"excerpt":{"rendered":"<p>D\u00eda 14 &#8211; Charla-coloquio por Don Manuel Campo Vidal, subdirector presentador del informativo Telediario segunda edici\u00f3n de la primera cadena de RTVE, con el tema \u00abLa televisi\u00f3n en la Espa\u00f1a democr\u00e1tica\u00bb. D\u00eda 16 &#8211; Charla-coloquio por Don Rafael Ayerbe Santolaria, director de la escuela de magia del circulo m\u00e1gico oscense, con el tema \u00abuna vida [&hellip;]<\/p>\n","protected":false},"author":1,"featured_media":0,"comment_status":"closed","ping_status":"open","sticky":false,"template":"templates\/template-full-width.php","format":"standard","meta":{"footnotes":""},"categories":[1],"tags":[],"class_list":["post-62","post","type-post","status-publish","format-standard","hentry","category-semana-cultural"],"_links":{"self":[{"href":"https:\/\/www.azanuy.com\/wordpress\/wp-json\/wp\/v2\/posts\/62","targetHints":{"allow":["GET"]}}],"collection":[{"href":"https:\/\/www.azanuy.com\/wordpress\/wp-json\/wp\/v2\/posts"}],"about":[{"href":"https:\/\/www.azanuy.com\/wordpress\/wp-json\/wp\/v2\/types\/post"}],"author":[{"embeddable":true,"href":"https:\/\/www.azanuy.com\/wordpress\/wp-json\/wp\/v2\/users\/1"}],"replies":[{"embeddable":true,"href":"https:\/\/www.azanuy.com\/wordpress\/wp-json\/wp\/v2\/comments?post=62"}],"version-history":[{"count":1,"href":"https:\/\/www.azanuy.com\/wordpress\/wp-json\/wp\/v2\/posts\/62\/revisions"}],"predecessor-version":[{"id":63,"href":"https:\/\/www.azanuy.com\/wordpress\/wp-json\/wp\/v2\/posts\/62\/revisions\/63"}],"wp:attachment":[{"href":"https:\/\/www.azanuy.com\/wordpress\/wp-json\/wp\/v2\/media?parent=62"}],"wp:term":[{"taxonomy":"category","embeddable":true,"href":"https:\/\/www.azanuy.com\/wordpress\/wp-json\/wp\/v2\/categories?post=62"},{"taxonomy":"post_tag","embeddable":true,"href":"https:\/\/www.azanuy.com\/wordpress\/wp-json\/wp\/v2\/tags?post=62"}],"curies":[{"name":"wp","href":"https:\/\/api.w.org\/{rel}","templated":true}]}}