{"id":60,"date":"2020-12-24T18:17:36","date_gmt":"2020-12-24T17:17:36","guid":{"rendered":"http:\/\/93.189.90.189\/?p=60"},"modified":"2021-01-04T13:08:39","modified_gmt":"2021-01-04T12:08:39","slug":"1983-iv-semana-cultural","status":"publish","type":"post","link":"https:\/\/www.azanuy.com\/wordpress\/1983-iv-semana-cultural\/","title":{"rendered":"1983 IV Semana Cultural"},"content":{"rendered":"\n<p>D\u00eda 17 &#8211; Charla &#8211; coloquio por Don Juan Ram\u00f3n Soler Santaliestra, del servicio de orientaci\u00f3n escolar y vocacional del MEC, sobre el tema \u00bb \u00bfPor qu\u00e9 fracasan los ni\u00f1os en la escuela? Posibles soluciones al problema\u00bb.<br><br>D\u00eda 18 &#8211; Conferencia por Don Francho Nagore La\u00edn, presidente del Consello de fabla aragonesa, con el tema \u00abEl ribagorzano, algo mas que hablar mal\u00bb.<br><br>D\u00eda 19 &#8211; Charla &#8211; coloquio por Don Jos\u00e9 Vera Rebollar-Aranzabal, m\u00e9dico de Azanuy y Don Miguel \u00c1ngel Abad\u00edas, inspector del cuerpo superior de polic\u00eda de Huesca, con el tema \u00abLa adicci\u00f3n a las drogas y sus consecuencias\u00bb.<br><br>D\u00eda 21 &#8211; Proyecci\u00f3n de diapositivas sobre \u00abEl pirineo aragon\u00e9s\u00bb comentadas por monta\u00f1eros del Club Pe\u00f1a Guara de Huesca\u00bb.<br><br>D\u00eda 23 &#8211; Concierto con la orquesta de pulso y p\u00faa \u00abNueva sertoriana\u00bb dirigida por D. Santos Pueyo.<\/p>\n","protected":false},"excerpt":{"rendered":"<p>D\u00eda 17 &#8211; Charla &#8211; coloquio por Don Juan Ram\u00f3n Soler Santaliestra, del servicio de orientaci\u00f3n escolar y vocacional del MEC, sobre el tema \u00bb \u00bfPor qu\u00e9 fracasan los ni\u00f1os en la escuela? Posibles soluciones al problema\u00bb. D\u00eda 18 &#8211; Conferencia por Don Francho Nagore La\u00edn, presidente del Consello de fabla aragonesa, con el tema [&hellip;]<\/p>\n","protected":false},"author":1,"featured_media":0,"comment_status":"closed","ping_status":"open","sticky":false,"template":"templates\/template-full-width.php","format":"standard","meta":{"footnotes":""},"categories":[1],"tags":[],"class_list":["post-60","post","type-post","status-publish","format-standard","hentry","category-semana-cultural"],"_links":{"self":[{"href":"https:\/\/www.azanuy.com\/wordpress\/wp-json\/wp\/v2\/posts\/60","targetHints":{"allow":["GET"]}}],"collection":[{"href":"https:\/\/www.azanuy.com\/wordpress\/wp-json\/wp\/v2\/posts"}],"about":[{"href":"https:\/\/www.azanuy.com\/wordpress\/wp-json\/wp\/v2\/types\/post"}],"author":[{"embeddable":true,"href":"https:\/\/www.azanuy.com\/wordpress\/wp-json\/wp\/v2\/users\/1"}],"replies":[{"embeddable":true,"href":"https:\/\/www.azanuy.com\/wordpress\/wp-json\/wp\/v2\/comments?post=60"}],"version-history":[{"count":1,"href":"https:\/\/www.azanuy.com\/wordpress\/wp-json\/wp\/v2\/posts\/60\/revisions"}],"predecessor-version":[{"id":61,"href":"https:\/\/www.azanuy.com\/wordpress\/wp-json\/wp\/v2\/posts\/60\/revisions\/61"}],"wp:attachment":[{"href":"https:\/\/www.azanuy.com\/wordpress\/wp-json\/wp\/v2\/media?parent=60"}],"wp:term":[{"taxonomy":"category","embeddable":true,"href":"https:\/\/www.azanuy.com\/wordpress\/wp-json\/wp\/v2\/categories?post=60"},{"taxonomy":"post_tag","embeddable":true,"href":"https:\/\/www.azanuy.com\/wordpress\/wp-json\/wp\/v2\/tags?post=60"}],"curies":[{"name":"wp","href":"https:\/\/api.w.org\/{rel}","templated":true}]}}