{"id":58,"date":"2020-12-24T18:16:35","date_gmt":"2020-12-24T17:16:35","guid":{"rendered":"http:\/\/93.189.90.189\/?p=58"},"modified":"2021-01-04T13:08:39","modified_gmt":"2021-01-04T12:08:39","slug":"1982-iii-semana-cultural","status":"publish","type":"post","link":"https:\/\/www.azanuy.com\/wordpress\/1982-iii-semana-cultural\/","title":{"rendered":"1982 III Semana Cultural"},"content":{"rendered":"\n<p>D\u00eda 15 &#8211; Presentaci\u00f3n de la semana cultural por Don Antonio Mart\u00ednez Toro, corresponsal de Radio Huesca.<br>Al finalizar Concierto de acorde\u00f3n y guitarra, a cargo de profesores de la escuela de m\u00fasica de Barbastro.<br><br>D\u00eda 17 &#8211; Inauguraci\u00f3n de la exposici\u00f3n \u00abEvoluci\u00f3n del arte del bordado y la fotograf\u00eda\u00bb.<br><br>D\u00eda 18 &#8211; Conferencia por Don \u00c1ngel Valles Simelio, psic\u00f3logo y director del colegio \u00abJoaqu\u00edn Costa\u00bb de Monz\u00f3n, con el tema \u00abPsicolog\u00eda del adolescente\u00bb.<br><br>D\u00eda 19 &#8211; Proyecci\u00f3n de las pel\u00edculas cortas \u00abJaque de reyes\u00bb, \u00abR\u00e9quiem por unos pueblos\u00bb y \u00abCapuletos y montescos\u00bb, presentadas por su autor, Don Eugenio Monesma.<br><br>D\u00eda 21 &#8211; Conferencia por Don Rafael Andolz Canela, miembro del instituto Aragon\u00e9s de etnolog\u00eda, con el tema \u00abEl humor Aragon\u00e9s, se\u00f1a de la identidad de un pueblo\u00bb.<br><br>D\u00eda 22 &#8211; Conferencia por Don Jos\u00e9 Antonio Salas Ausens, profesor de historia contempor\u00e1nea de la universidad de Zaragoza, con el tema \u00abPasado y presente de la conciencia aragonesa\u00bb.<br><br>D\u00eda 24 &#8211; Concierto a cargo de la \u00abCoral barbastrense\u00bb dirigida por Don Julio Broto.<\/p>\n","protected":false},"excerpt":{"rendered":"<p>D\u00eda 15 &#8211; Presentaci\u00f3n de la semana cultural por Don Antonio Mart\u00ednez Toro, corresponsal de Radio Huesca.Al finalizar Concierto de acorde\u00f3n y guitarra, a cargo de profesores de la escuela de m\u00fasica de Barbastro. D\u00eda 17 &#8211; Inauguraci\u00f3n de la exposici\u00f3n \u00abEvoluci\u00f3n del arte del bordado y la fotograf\u00eda\u00bb. D\u00eda 18 &#8211; Conferencia por Don [&hellip;]<\/p>\n","protected":false},"author":1,"featured_media":0,"comment_status":"closed","ping_status":"open","sticky":false,"template":"templates\/template-full-width.php","format":"standard","meta":{"footnotes":""},"categories":[1],"tags":[],"class_list":["post-58","post","type-post","status-publish","format-standard","hentry","category-semana-cultural"],"_links":{"self":[{"href":"https:\/\/www.azanuy.com\/wordpress\/wp-json\/wp\/v2\/posts\/58","targetHints":{"allow":["GET"]}}],"collection":[{"href":"https:\/\/www.azanuy.com\/wordpress\/wp-json\/wp\/v2\/posts"}],"about":[{"href":"https:\/\/www.azanuy.com\/wordpress\/wp-json\/wp\/v2\/types\/post"}],"author":[{"embeddable":true,"href":"https:\/\/www.azanuy.com\/wordpress\/wp-json\/wp\/v2\/users\/1"}],"replies":[{"embeddable":true,"href":"https:\/\/www.azanuy.com\/wordpress\/wp-json\/wp\/v2\/comments?post=58"}],"version-history":[{"count":1,"href":"https:\/\/www.azanuy.com\/wordpress\/wp-json\/wp\/v2\/posts\/58\/revisions"}],"predecessor-version":[{"id":59,"href":"https:\/\/www.azanuy.com\/wordpress\/wp-json\/wp\/v2\/posts\/58\/revisions\/59"}],"wp:attachment":[{"href":"https:\/\/www.azanuy.com\/wordpress\/wp-json\/wp\/v2\/media?parent=58"}],"wp:term":[{"taxonomy":"category","embeddable":true,"href":"https:\/\/www.azanuy.com\/wordpress\/wp-json\/wp\/v2\/categories?post=58"},{"taxonomy":"post_tag","embeddable":true,"href":"https:\/\/www.azanuy.com\/wordpress\/wp-json\/wp\/v2\/tags?post=58"}],"curies":[{"name":"wp","href":"https:\/\/api.w.org\/{rel}","templated":true}]}}