{"id":30,"date":"2020-12-24T17:22:10","date_gmt":"2020-12-24T16:22:10","guid":{"rendered":"http:\/\/93.189.90.189\/?p=30"},"modified":"2021-01-04T13:08:39","modified_gmt":"2021-01-04T12:08:39","slug":"1980-i-semana-cultural","status":"publish","type":"post","link":"https:\/\/www.azanuy.com\/wordpress\/1980-i-semana-cultural\/","title":{"rendered":"1980 I Semana Cultural"},"content":{"rendered":"\n<p>D\u00eda 11\/10 &#8211; Exposici\u00f3n de dibujos, realizados por los ni\u00f1os de la escuela.<br><br>D\u00eda 13\/10 &#8211; Conferencia de Do\u00f1a Mar\u00eda-Val Su\u00e1rez Llanos, M\u00e9dico de Azanuy, con el tema \u00abLa higiene en el medio rural\u00bb.<br><br>D\u00eda 15\/10 &#8211; Conferencia del escritor Don Jos\u00e9 Mar\u00eda Castro y Calvo sobre el cuento de Leopoldo Alas \u00abClar\u00edn\u00bb \u00abAdi\u00f3s cordera\u00bb.<br><br>D\u00eda 17\/10 &#8211; Concierto coral interpretado por la \u00abCoral barbastrense\u00bb, dirigida por Don Julio Broto<\/p>\n","protected":false},"excerpt":{"rendered":"<p>D\u00eda 11\/10 &#8211; Exposici\u00f3n de dibujos, realizados por los ni\u00f1os de la escuela. D\u00eda 13\/10 &#8211; Conferencia de Do\u00f1a Mar\u00eda-Val Su\u00e1rez Llanos, M\u00e9dico de Azanuy, con el tema \u00abLa higiene en el medio rural\u00bb. D\u00eda 15\/10 &#8211; Conferencia del escritor Don Jos\u00e9 Mar\u00eda Castro y Calvo sobre el cuento de Leopoldo Alas \u00abClar\u00edn\u00bb \u00abAdi\u00f3s cordera\u00bb. [&hellip;]<\/p>\n","protected":false},"author":1,"featured_media":0,"comment_status":"closed","ping_status":"open","sticky":false,"template":"templates\/template-full-width.php","format":"standard","meta":{"footnotes":""},"categories":[1],"tags":[],"class_list":["post-30","post","type-post","status-publish","format-standard","hentry","category-semana-cultural"],"_links":{"self":[{"href":"https:\/\/www.azanuy.com\/wordpress\/wp-json\/wp\/v2\/posts\/30","targetHints":{"allow":["GET"]}}],"collection":[{"href":"https:\/\/www.azanuy.com\/wordpress\/wp-json\/wp\/v2\/posts"}],"about":[{"href":"https:\/\/www.azanuy.com\/wordpress\/wp-json\/wp\/v2\/types\/post"}],"author":[{"embeddable":true,"href":"https:\/\/www.azanuy.com\/wordpress\/wp-json\/wp\/v2\/users\/1"}],"replies":[{"embeddable":true,"href":"https:\/\/www.azanuy.com\/wordpress\/wp-json\/wp\/v2\/comments?post=30"}],"version-history":[{"count":1,"href":"https:\/\/www.azanuy.com\/wordpress\/wp-json\/wp\/v2\/posts\/30\/revisions"}],"predecessor-version":[{"id":31,"href":"https:\/\/www.azanuy.com\/wordpress\/wp-json\/wp\/v2\/posts\/30\/revisions\/31"}],"wp:attachment":[{"href":"https:\/\/www.azanuy.com\/wordpress\/wp-json\/wp\/v2\/media?parent=30"}],"wp:term":[{"taxonomy":"category","embeddable":true,"href":"https:\/\/www.azanuy.com\/wordpress\/wp-json\/wp\/v2\/categories?post=30"},{"taxonomy":"post_tag","embeddable":true,"href":"https:\/\/www.azanuy.com\/wordpress\/wp-json\/wp\/v2\/tags?post=30"}],"curies":[{"name":"wp","href":"https:\/\/api.w.org\/{rel}","templated":true}]}}