{"id":213,"date":"2021-01-04T17:46:04","date_gmt":"2021-01-04T16:46:04","guid":{"rendered":"https:\/\/www.azanuy.com\/wordpress\/?p=213"},"modified":"2021-03-10T12:49:17","modified_gmt":"2021-03-10T11:49:17","slug":"als-llavados","status":"publish","type":"post","link":"https:\/\/www.azanuy.com\/wordpress\/als-llavados\/","title":{"rendered":"Als llavad\u00f3s"},"content":{"rendered":"\n<p>Tos voigo a cont\u00e1 algo que me&#8217;l van d\u00ed el atro d\u00eda als llavados, \u00f1\u2019habeba un mont\u00f3 de d\u00f2nas llavan uns vellons, que per ci\u00e8rto en \u00f1&#8217;habeba de bllancos y de n\u00e8gros, que diban \u00e8ban del Almuni\u00e8ro ,pues crego que f\u00e8ba uns d\u00edas que h\u00e8ban chollau las ovellas del ramat que tienen.<\/p>\n\n\n\n<p>Pu\u00e9s c\u00f2ma tos diba, resulta que el si\u00f1\u00f3 To\u00f1et , aquell que viu all\u2019alto del cabo llug\u00e1 , se va caure de la som\u00e8ra y se va esllom\u00e1. Lo malo me van d\u00ed que le va pasa a  def\u00f2ra y el pobre h\u00f2me no se&#8217;n podeba an\u00e1 en ta casa ,pu\u00e9s no teniba forzas pa puya-se-ne a la som\u00e8ra,.<\/p>\n\n\n\n<p>Le contaba a la d\u00f2na que&#8217;l va intent\u00e1 tot , se&#8217;n va puy\u00e1 a una espona c\u00f2ma va podr\u00e9 y desde all\u00ed va quer\u00ed monta-se ,pero mira per ag\u00f3n, chusto en ixe instante, be-te-me t\u00fa que la som\u00e8ra va arranc\u00e1 a corr\u00e9 .<\/p>\n\n\n\n<p>Ya tos podez imagin\u00e1 al si\u00f1o To\u00f1et, uns renecs , van s\u00e8 tantos y tan altos, que van llega a senti-se hasta casi el llug\u00e1 , y mira per ag\u00f3n, ixo el va salv\u00e1, pues el va sent\u00ed el chove de Ferm\u00edn que estaba cull\u00edn armellas ast\u00ed al Ferruz,  y hie va acud\u00ed enseguida correns.<\/p>\n\n\n\n<p>Mira ,en cuanto el si\u00f1o To\u00f1et el va v\u00e8r, va pens\u00e1 que se le h\u00e8ba aparexiu la Virgen.<\/p>\n\n\n\n<p>Ramonet, que ax\u00ed se diba el ch\u00f2ve Ferm\u00edn , enseguida le va pregunt\u00e1 \u00bf Qu\u00e9 l&#8217;ha pasau ? Cuan el va v\u00e8r llargo a t\u00e8rra c\u00f2ma un salamandran sin pode-se m\u00f2ure.<\/p>\n\n\n\n<p>Ay nino, ixa carnuz de som\u00e8ra que se ha espantau, pu\u00e8s ha salliu un conill de ast\u00ed de ixas matas a t\u00e8rra y al v\u00e8r-lo ha pegau un bote y me ha jodiu al suelo . Total que me he queriu encaram\u00e1 encima de la colchoneta , puyan-me a una espona, y ha sito pi\u00f3 el rem\u00e8i que la enfermedad , la som\u00e8ra h&#8217;apretau a corr\u00e9 , y c\u00f2m no m&#8217;h\u00e8ba agarrau pr\u00f2u b\u00e8n , me ha tirau otra vegada a t\u00e8rra y encima he caiu del atro costat, ya veus ,no me puedo m\u00f2ure pa r\u00e9s.<\/p>\n\n\n\n<p>Ramonet ,le va d\u00ed al si\u00f1o To\u00f1et , mire quede-se ast\u00ed tranquilo, que yo me acerco al llug\u00e1 a busca el carro y alguno trobar\u00e9 que vinga a ayuda-me,  a puya-lo al carro,  pa lleva-lo al dot\u00f3 , el cure y v\u00e8iga lo que le ha pasau.<\/p>\n\n\n\n<p>Al rato, va vindre Ramonet con el fillo gran de Rastillad\u00f3 ,y con m\u00f2lto cuidau el van estendre en una m\u00e1rfega que h\u00e8ban posau encima del carro.<\/p>\n\n\n\n<p>Van an\u00e1 p\u00f2co a p\u00f2co per el camino de Penallada,  pero f\u00e8ba cuatre dias que hab\u00eda plloviu y estaba pllieno de rod\u00e8ras y basals de aigua. Aquell carro se moveba mes que la p\u00e8dra del molino cu\u00e1n estaba machacan las olivas. Total que el si\u00f1o To\u00f1et no paraba de chemec\u00e1 y de reneg\u00e1 hasta que van lleg\u00e1 a casa del m\u00e8dico .<\/p>\n\n\n\n<p>Van truca a la p\u00f2rta y al instante va baixa la suya d\u00f2na, espantada per las trucadas tan fortas que hab\u00eda f\u00e8ito el ch\u00f2ve Ferm\u00edn.<\/p>\n\n\n\n<p>\u00bf Qu\u00e9 pasa? va pregunta .<\/p>\n\n\n\n<p>Mire si\u00f1a Mar\u00eda , que aix\u00ed se diba la d\u00f2na del m\u00e8dico , le portan al si\u00f1o To\u00f1et pa que el v\u00e8iga su marido, pu\u00e9s se ha caiu de la som\u00e8ra y pensan que s\u2019ha f\u00e8ito molto mal per dintro.<\/p>\n\n\n\n<p>Au, pu\u00e9s puyaz-lo en ta&#8217;lto y estiraz-lo en ixa camilla que \u00f1&#8217;hey posat un llinzol llimpio, y aix\u00ed el van f\u00e8.<\/p>\n\n\n\n<p>Va result\u00e0 que el dot\u00f3 no hi\u2019estaba perque hab\u00eda anau atendre al si\u00f1o P\u00e8dro que teniba una malent\u00eda que le diban las fiebres malta y le posaba una inyecci\u00f3n cada d\u00eda per las tardes.<\/p>\n\n\n\n<p>El si\u00f1\u00f3 To\u00f1et no paraba de chemec\u00e1 y de reneg\u00e1, pues crego que no sen donab\u00e1 cuenta ag\u00f3n estaba.<\/p>\n\n\n\n<p>La si\u00f1a Mar\u00eda le diba \u00bf Per el amor de Dios, si\u00f1\u00f3 To\u00f1et , com diu ixas barbaridaz?<\/p>\n\n\n\n<p>Mire, no me&#8217;n faga caso ,pu\u00e9s no se lo que me digo.<\/p>\n\n\n\n<p>Al cabo del rato va lleg\u00e1 Don Joaqu\u00edn que \u00e8ba el m\u00e8dico, y pareix que con solament v\u00e8r-lo se le van pas\u00e1 toz el mals.<\/p>\n\n\n\n<p>Bueno, pues ixo tos conto, lo que va pas\u00e1 el atro d\u00eda.<\/p>\n\n\n\n<p>El mal que se va f\u00e8 el si\u00f1\u00f3 To\u00f1et no el s\u00e9, per que ninguno ha dito r\u00e9s, si m&#8217;entero ya tol dir\u00e9.<\/p>\n\n\n\n<p>Uy, \u00bf Hez visto que hora se mos ha f\u00e8ito? \u00d1\u2019habr\u00e1 que ana-se-ne pa f\u00e8 el disn\u00e1.<\/p>\n\n\n\n<p>Bueno ninas, ya quedarem pa&#8217;tro rato.<\/p>\n\n\n\n<p>Adios me&#8217;n voigo.<\/p>\n\n\n\n<p>Azanuy . Cuatre de Octubre del 2011<\/p>\n\n\n\n<p>El Ferruz.<\/p>\n","protected":false},"excerpt":{"rendered":"<p>Tos voigo a cont\u00e1 algo que me&#8217;l van d\u00ed el atro d\u00eda als llavados, \u00f1\u2019habeba un mont\u00f3 de d\u00f2nas llavan uns vellons, que per ci\u00e8rto en \u00f1&#8217;habeba de bllancos y de n\u00e8gros, que diban \u00e8ban del Almuni\u00e8ro ,pues crego que f\u00e8ba uns d\u00edas que h\u00e8ban chollau las ovellas del ramat que tienen. Pu\u00e9s c\u00f2ma tos [&hellip;]<\/p>\n","protected":false},"author":1,"featured_media":0,"comment_status":"closed","ping_status":"open","sticky":false,"template":"templates\/template-full-width.php","format":"standard","meta":{"footnotes":""},"categories":[5],"tags":[],"class_list":["post-213","post","type-post","status-publish","format-standard","hentry","category-escritos"],"_links":{"self":[{"href":"https:\/\/www.azanuy.com\/wordpress\/wp-json\/wp\/v2\/posts\/213","targetHints":{"allow":["GET"]}}],"collection":[{"href":"https:\/\/www.azanuy.com\/wordpress\/wp-json\/wp\/v2\/posts"}],"about":[{"href":"https:\/\/www.azanuy.com\/wordpress\/wp-json\/wp\/v2\/types\/post"}],"author":[{"embeddable":true,"href":"https:\/\/www.azanuy.com\/wordpress\/wp-json\/wp\/v2\/users\/1"}],"replies":[{"embeddable":true,"href":"https:\/\/www.azanuy.com\/wordpress\/wp-json\/wp\/v2\/comments?post=213"}],"version-history":[{"count":2,"href":"https:\/\/www.azanuy.com\/wordpress\/wp-json\/wp\/v2\/posts\/213\/revisions"}],"predecessor-version":[{"id":234,"href":"https:\/\/www.azanuy.com\/wordpress\/wp-json\/wp\/v2\/posts\/213\/revisions\/234"}],"wp:attachment":[{"href":"https:\/\/www.azanuy.com\/wordpress\/wp-json\/wp\/v2\/media?parent=213"}],"wp:term":[{"taxonomy":"category","embeddable":true,"href":"https:\/\/www.azanuy.com\/wordpress\/wp-json\/wp\/v2\/categories?post=213"},{"taxonomy":"post_tag","embeddable":true,"href":"https:\/\/www.azanuy.com\/wordpress\/wp-json\/wp\/v2\/tags?post=213"}],"curies":[{"name":"wp","href":"https:\/\/api.w.org\/{rel}","templated":true}]}}