{"id":211,"date":"2021-01-04T17:45:07","date_gmt":"2021-01-04T16:45:07","guid":{"rendered":"https:\/\/www.azanuy.com\/wordpress\/?p=211"},"modified":"2021-03-10T13:41:15","modified_gmt":"2021-03-10T12:41:15","slug":"las-mulas-de-vallonga","status":"publish","type":"post","link":"https:\/\/www.azanuy.com\/wordpress\/las-mulas-de-vallonga\/","title":{"rendered":"Las mulas de Vall\u00f2nga"},"content":{"rendered":"\n<p>\u00a1Hay nina! no sabes lo que va pas\u00e1 el atro d\u00eda. <\/p>\n\n\n\n<p>Conta-me , conta-me que m\u2019estigo ya sulsin. <\/p>\n\n\n\n<p>Pues mira, estaba esperan el auto de l\u00ednea que baixa de Peralta a que llega-se, pues teniba que visita-me a Huesca para que me operen de la garra dreta que la tingo m\u00f2l mala , pues ax\u00ed mel va aconsej\u00e1 el dot\u00f3 del llug\u00e1, y mira per ag\u00f3n de pronto, all\u00e1 apartat se sentiban las campanetas de las mulas, que salliban coma toz els d\u00edas, pronto pel maitino de casa Vall\u00f2nga , p&#8217;an\u00e1 a def\u00f2ra y empez\u00e1 a llaur\u00e1 en el t\u00e8rme. <\/p>\n\n\n\n<p>Y como si he-se sito una aparici\u00f3, van saldr\u00e9 del puente, correns cara entalto una rabosa y detr\u00e1s la veniban acomet\u00e9n un mont\u00f3 de cochos que no paraban de \u00f1aul\u00e1 \u00a1Una escandal\u00e8ra! <\/p>\n\n\n\n<p>No tol podez imagin\u00e1. \u00c8ba tan forta que se van dix\u00e1 de sent\u00ed las campanetas de las mulas y c\u00f2ma \u00e8ba encara de nit , a lo prim\u00e8ro no sabebas el que pasaba. Total que se van cruza ast\u00ed a la revuelta dels abreurados las mulas, con la rabosa y el cochos y \u00a1se va arma una! que no tel poz imagin\u00e1. \u00a1Madre m\u00eda! ,\u00a1 Qu\u00e9 barbaridad! , \u00bf Pu\u00e9s s\u00ed que se va forma gorda.? \u00bf Y que m\u00e9s va pas\u00e1? Mira, aquellas mulas van empez\u00e1 a pega botes y a corr\u00e9 y corr\u00e9, de dos en dos,  pues anab\u00e1n chu\u00f1idas pilladas con el chou y els mozos detr\u00e1s de ellas corren, reneg\u00e1n y peg\u00e1n gritos sin par\u00e1 bueno, bueno. Las ventanas y els balc\u00f3ns se ubriban con el soroll dels ferrolls y els ventanicos que se anab\u00e1n ubrin pa v\u00e8r lo que pasaba al carr\u00e8 ,y aunque \u00e8ba ivern y estaba chel\u00e1n, las donas se asomab\u00e1n y se dib\u00e1n unas a las atr\u00e1s, <\/p>\n\n\n\n<p>\u00bf Que est\u00e1 pas\u00e1n nina? El estrapalucio \u00e8ba tan gran que hasta els cr\u00edos se van despert\u00e1 , pa ells ixo les pareixeba una f\u00e8sta de las grans y ax\u00ed  la van viure. Al final las bestias van empendre a corr\u00e9 per la carret\u00e8ra cara enta la \u00e8ra Caretes y la Pllana de C\u00f2zme. <\/p>\n\n\n\n<p>Uns parells de mulas se van par\u00e1 per all\u00ed y otras las van trob\u00e1 al cruce tranquilament minch\u00e1n. Al final el mozos van chunt\u00e1 a todas las mulas, pues en \u00f1\u2019hab\u00e8ba sis parells que van saldr\u00e9 pa llaur\u00e1 , y se&#8217;n van torn\u00e1 cara&#8217;ls corralls pa explic\u00e1-l\u00ed al moyoral lo que h\u00e8ba pasau y al mateix tiempo arregl\u00e1 els aparejos pa torn\u00e1 a saldr\u00e9 a def\u00f2ra ya que se&#8217;n anaban a llaur\u00e1 als Alitos. Els comentarios que \u00f1\u2019hab\u00e8ba per las tiendas y en els r\u00f2ldes de la pllaza no se parllaba de atra cosa que del caso de las mulas y de la rabosa. <\/p>\n\n\n\n<p>Per la nit al caf\u00e8 alguns mozos del llug\u00e1, se&#8217;n jodeban con grans risas contan lo que les h\u00e8ba pasau als mozos de Vallonga, que com tos podez imagina, ixe d\u00eda no se&#8217;ls va v\u00e8r el pelo per ning\u00fan costat, pues estaban avergo\u00f1iz per no p\u00f2dre control\u00e1 a las mulas en una situaci\u00f3 c\u00f2ma aquella, pu\u00e9s siempre h\u00e8ban presumiu de s\u00e8 m\u00f2l pinchos. <\/p>\n\n\n\n<p>Este aconteciment no va dixa de comenta-se hasta que a la semana de dispu\u00e9s  en va pas\u00e1 un atro, que bueno, ya t\u00f2l contar\u00e9, y tam\u00e8 se va arm\u00e1 gorda, pu\u00e9s van lleg\u00e1 al llug\u00e1 uns carromatos de h\u00fangaros que f\u00e8ban circo y llebaban un onso que se les va escap\u00e1. Bueno hasta atro rato. <\/p>\n\n\n\n<p>Azanuy. 18 de Noviembre de 2011 El Ferruz<\/p>\n","protected":false},"excerpt":{"rendered":"<p>\u00a1Hay nina! no sabes lo que va pas\u00e1 el atro d\u00eda. Conta-me , conta-me que m\u2019estigo ya sulsin. Pues mira, estaba esperan el auto de l\u00ednea que baixa de Peralta a que llega-se, pues teniba que visita-me a Huesca para que me operen de la garra dreta que la tingo m\u00f2l mala , pues ax\u00ed [&hellip;]<\/p>\n","protected":false},"author":1,"featured_media":0,"comment_status":"closed","ping_status":"open","sticky":false,"template":"templates\/template-full-width.php","format":"standard","meta":{"footnotes":""},"categories":[5],"tags":[],"class_list":["post-211","post","type-post","status-publish","format-standard","hentry","category-escritos"],"_links":{"self":[{"href":"https:\/\/www.azanuy.com\/wordpress\/wp-json\/wp\/v2\/posts\/211","targetHints":{"allow":["GET"]}}],"collection":[{"href":"https:\/\/www.azanuy.com\/wordpress\/wp-json\/wp\/v2\/posts"}],"about":[{"href":"https:\/\/www.azanuy.com\/wordpress\/wp-json\/wp\/v2\/types\/post"}],"author":[{"embeddable":true,"href":"https:\/\/www.azanuy.com\/wordpress\/wp-json\/wp\/v2\/users\/1"}],"replies":[{"embeddable":true,"href":"https:\/\/www.azanuy.com\/wordpress\/wp-json\/wp\/v2\/comments?post=211"}],"version-history":[{"count":4,"href":"https:\/\/www.azanuy.com\/wordpress\/wp-json\/wp\/v2\/posts\/211\/revisions"}],"predecessor-version":[{"id":239,"href":"https:\/\/www.azanuy.com\/wordpress\/wp-json\/wp\/v2\/posts\/211\/revisions\/239"}],"wp:attachment":[{"href":"https:\/\/www.azanuy.com\/wordpress\/wp-json\/wp\/v2\/media?parent=211"}],"wp:term":[{"taxonomy":"category","embeddable":true,"href":"https:\/\/www.azanuy.com\/wordpress\/wp-json\/wp\/v2\/categories?post=211"},{"taxonomy":"post_tag","embeddable":true,"href":"https:\/\/www.azanuy.com\/wordpress\/wp-json\/wp\/v2\/tags?post=211"}],"curies":[{"name":"wp","href":"https:\/\/api.w.org\/{rel}","templated":true}]}}