{"id":209,"date":"2021-01-04T17:43:47","date_gmt":"2021-01-04T16:43:47","guid":{"rendered":"https:\/\/www.azanuy.com\/wordpress\/?p=209"},"modified":"2021-01-04T17:43:47","modified_gmt":"2021-01-04T16:43:47","slug":"l-onso-que-se-va-escapa","status":"publish","type":"post","link":"https:\/\/www.azanuy.com\/wordpress\/l-onso-que-se-va-escapa\/","title":{"rendered":"L\u2019 onso que se va escap\u00e1"},"content":{"rendered":"\n<p>\u00bfTe&#8217;n acordas de lo que te diba l\u2019atro d\u00eda , que van arrib\u00e1 uns h\u00fangaros al llug\u00e1? no tel poz creure lo que va pas\u00e1. <\/p>\n\n\n\n<p>No m\u00e9s te digo que fa m\u00e9s de nou mesos que va ocurr\u00ed y encara el comentan unos con atros. Estab\u00e1n un mont\u00f3 de d\u00f2nas esperan al puente, a que puya-se un home que veniba de Monz\u00f3 a vend\u00e9 sardineta, y de pronto, all\u00e1 enfrente de l\u2019\u00e8ra Gabriela van aparex\u00e9 cuatre carromatos de h\u00fangaros tiraz per caballs , yo no n\u2019h\u00e8ba visto may y els atros zagal que estaban con yo, crego que tamp\u00f2co, ixo que en \u00f1\u2019hab\u00e8ba de m\u00e9s grans. <\/p>\n\n\n\n<p>Els carromatos \u00e8ban coma ixas casetas que dibuixaban als cuentos con ventanas ,portas, chumin\u00e8ra y hasta escal\u00e8ras pa puy\u00e1 y baix\u00e1, y detr\u00e1s, un mont\u00f3 de ch\u00e8n entre cr\u00edos y grans, lo memos en van cont\u00e1 dieci\u00f2cho y fermaz als carromatos crabas, dos monos y un onso, que anab\u00e1 con un coll\u00e1 y una cadena de ferr\u00ed piada al costat de las baras del carromato, me pens\u00f3, que pa que no s\u2019escapa-se. <\/p>\n\n\n\n<p>Cuan va lleg\u00e1 el prim\u00e8ro dels carromato se van par\u00e1 enfrente de las d\u00f2nas y les van pregunta que ag\u00f3n podr\u00edan deseganch\u00e1 els carromatos , pero que \u00f1\u2019habe-se pr\u00f2u sitio, pues, ells f\u00e8ban circo, y necesitab\u00e1n tam\u00e8 que esta-se pllano al mateix tiempo. Una de las d\u00f2nas ,que ara no m\u2019en record\u00f3 les va d\u00ed, miren ast\u00ed enfrente a las \u00e8ras, p\u00f2den an\u00e1, se\u00f1al\u00e1n las de Rabal\u00e8ro , Costante y Port\u00e8lla que estab\u00e1n las tres chuntas y adem\u00e9s teniban una bona sombra con un lliron\u00e8ro m\u00f2l gran que tienen els de Costante. <\/p>\n\n\n\n<p>Total que ent\u2019all\u00ed que se van encamin\u00e1; per las ventanas asomab\u00e1n ,cr\u00edos con unas caretas negretas tanto per el sol, que els h\u00e8ba torrau ,c\u00f2ma de puercas que las llevaban de f\u00e8ba d\u00edas sin hab\u00e8r visto el aigua. <\/p>\n\n\n\n<p>Nusatros els zagals, mos van sent\u00e1 all\u00ed al puente, al costat de casa R\u00f2les y no mos perdeban res de lo que estaba pas\u00e1n. Van desenganch\u00e1 ells caballs , les hi van ferm\u00e1 una pata con una sogueta que despu\u00e9s la tenib\u00e1n piada a un f\u00e8rri cllavat a t\u00e8rra y tanquilamen van empez\u00e1 a rad\u00e9 tota la hierba que se trobaba alreded\u00f3, en van cont\u00e1 deau , pues per cada carromato en \u00f1\u2019hab\u00e8ba dos mes \u00f2tros dos que anab\u00e1n sueltos. <\/p>\n\n\n\n<p>A las crabras las van dix\u00e1 sueltas y al p\u00f2co rato ya estab\u00e1n al huerto de Esparte\u00f1\u00e8ro y de Espurt ,pues aunque \u00f1\u2019hab\u00e8ba uns arnez posaz pa imped\u00ed el paso ,aquellas crabas que f\u00e8ba, crego, que estab\u00e1n m\u00f2lto tiempo sin mincha , se van tir\u00e1 c\u00f2ma ll\u00f2cas a las\u00a0\u00e8ras de ensaladas y esquir\u00f2las. <\/p>\n\n\n\n<p>Menos mal que uno del cr\u00edos s\u2019en va don\u00e1 cuenta y va corr\u00e9 a espanta-las, si no, se las h\u00e8sen minchau totas con la gana que portab\u00e1n encima. Una de las d\u00f2nas las va p\u00eda y empeza a mu\u00f1i-las, pu\u00e9s teniban els bragueros a punto de revent\u00e1, els cr\u00edos aquells no se van apart\u00e1 ninguno de all\u00ed pu\u00e8s estab\u00e1n esper\u00e1n el momento ixe, coma aigua de mayo ,pa beure a gargalet la llet de las crabas. <\/p>\n\n\n\n<p>El onso estaba fermat al tronco del lliron\u00e8ro y pareixeba como si esta-se adormilat, all\u00ed enrollat y sin move-se. Als monos tam\u00e8 els van dix\u00e0 sueltos y les va falta tiempo pa puya-se- ne al lliron\u00e8ro, pero ixes, si que no parab\u00e1n, an\u00e1n de una rama enta \u00f2tra y els chiquez del h\u00fangaros se&#8217;ls mirab\u00e1n y no parab\u00e1n de riure, dels movimenz que f\u00e8ban de aqu\u00ed enta all\u00e1. <\/p>\n\n\n\n<p>Recordo que \u00e8ba el mes de mayo y van pas\u00e1 pels carr\u00e9s un grupo de h\u00fangaros, cr\u00edos ,donas y homes, con tamb\u00f3s y trompetas, toc\u00e1n m\u00fasica, y el animals que llevab\u00e1m, se parab\u00e1n en las esquinas y gritab\u00e1n \u201c Dem\u00e1 domenche a las sis de la tarde, gran funci\u00f3 de circo, lo may visto, acudiz a v\u00e8rlo, s\u00f2lo tos costar\u00e1 la voluntat , els que hi vingan que se&#8217;n porten una silla\u201d <\/p>\n\n\n\n<p>\u00d1\u2019h\u00e8beba m\u00f2lta confusi\u00f3 per v\u00e8r el circo ,y la ch\u00e8n el domenche, acudib\u00e1 con la silla al coll, y anab\u00e1 pill\u00e1n sitio alrededor de un rolde que h\u00e8bam f\u00e8ito a t\u00e8rra. Va acud\u00ed casi tot el llug\u00e1 .A las sis en punto va empez\u00e1 a toca la m\u00fasica y a saldr\u00e9 toz els que anab\u00e1n a actu\u00e1 , en total deu, y chunto con els animals tam\u00e8 va saldre un cavall. <\/p>\n\n\n\n<p>No f\u00e8ba m\u00f2lla fret , adem\u00e9s como estabam\u00a0contino aplaud\u00edn, tenibas las manos royas y calentas; de rep\u00e8nte va son\u00e1 un redoblle de tamb\u00f3 tan fort, que casi toz, mos van tindre que tapa las orellas, y a la vega entre mich de uns cortinajes va saldr\u00e9 el onso ,pareixeba mol gran, apoyat sobre las dos patas tras\u00e8ras y la boca ubierta ense\u00f1an els d\u00e8nz, y va solt\u00e1 un gru\u00f1ido que va retumb\u00e1 pel tot el llug\u00e1,\u00a1 Que susto! La chen van pega un grito que se va sent\u00ed hasta Al\u00edns. <\/p>\n\n\n\n<p>A yo, no me va saldr\u00e9 ni palabra y als zagals y zagaletas que estab\u00e1n toz chuntos all\u00ed , tampoco, mos van abraz\u00e1 unos a otros ,cagadez de miedo. \u00a1 Nino que escalofrio! <\/p>\n\n\n\n<p>Lo m\u00e9s esperat entre els chicos y els grans \u00e8ba v\u00e8r al onso pa sabre lo que f\u00e8ba. El teniba agarrat per la cadena uno d\u2019els h\u00fangaros que teniba uns brazos que mos parexeiban de f\u00e8rri ,de lo forz que se vedeban. <\/p>\n\n\n\n<p>Dos zagalez del h\u00fangaros aguntab\u00e1m un cerclle de barril y el onso pegaba un brinco y pasaba per dintro del cerclle, ax\u00ed tres o cuatre vegadas, toz aplaudiban a rabi\u00e1, lluego dos d\u00f2nas n\u2019aguantab\u00e1n un atro que estaba pertotz esl sitios plleno de f\u00f2c, toz mos van qued\u00e1 mir\u00e1n y pregunta-mos \u00bf Que pasar\u00e1 ara?. <\/p>\n\n\n\n<p>De rep\u00e8nte, van son\u00e1 els tamb\u00f3s otra vegada pero encara m\u00e9s fort que la primera . El onso se va llevant\u00e1 , cuan els tamb\u00f3s encara estab\u00e1n reson\u00e1n , va solt\u00e1 un gru\u00f1ido y se va tira cara al foc, con tan mala fortuna que se le va encendre el p\u00e8lo, va arrastr\u00e1 al home que el teniba fermat y el va tir\u00e1 contra las r\u00f2das dels carromatos pegan-se una tozada que se va queda escalabrat y esteso a t\u00e8rra. <\/p>\n\n\n\n<p>Mira, aquell onso venga corr\u00e9 y corr\u00e9 y cuanto m\u00e9s correba, mes s\u2019enceneba, la suerte que va tindre es que baixaba aigua per la Sosa y al pas\u00e1 pel mich dels basals y vadinas y muixa-se se l\u2019anaba apag\u00e1n el f\u00f2c. <\/p>\n\n\n\n<p>Els h\u00fangaros m\u00e9s choves van saldr\u00e9 correns detr\u00e1s del onso, corre que te corres, pero no\u2019l van podre pill\u00e1 hasta la Retorta, que&#8217;l van trob\u00e1 all\u00ed , revolcan-se en\u00a0un fangal pa saca-se\u2019l dol\u00f3 de las cremaduras. <\/p>\n\n\n\n<p>Con lo que va pas\u00e1, tos podez imagin\u00e1 que aqu\u00ed se mos va acaba el circo, que pena, yo encara tingo gravat a la cabeza el d\u00eda ixe, y crego que pa m\u00f2lto tiempo. Bueno, ninos ya tos contar\u00e9 m\u00e9s cosas un atro d\u00eda. Espero no aburri-tos con estas hist\u00f2rias. <\/p>\n\n\n\n<p>El Ferruz. Azanuy .Sis de Diciembre de 2011.<\/p>\n","protected":false},"excerpt":{"rendered":"<p>\u00bfTe&#8217;n acordas de lo que te diba l\u2019atro d\u00eda , que van arrib\u00e1 uns h\u00fangaros al llug\u00e1? no tel poz creure lo que va pas\u00e1. No m\u00e9s te digo que fa m\u00e9s de nou mesos que va ocurr\u00ed y encara el comentan unos con atros. Estab\u00e1n un mont\u00f3 de d\u00f2nas esperan al puente, a que [&hellip;]<\/p>\n","protected":false},"author":1,"featured_media":0,"comment_status":"closed","ping_status":"open","sticky":false,"template":"templates\/template-full-width.php","format":"standard","meta":{"footnotes":""},"categories":[5],"tags":[],"class_list":["post-209","post","type-post","status-publish","format-standard","hentry","category-escritos"],"_links":{"self":[{"href":"https:\/\/www.azanuy.com\/wordpress\/wp-json\/wp\/v2\/posts\/209","targetHints":{"allow":["GET"]}}],"collection":[{"href":"https:\/\/www.azanuy.com\/wordpress\/wp-json\/wp\/v2\/posts"}],"about":[{"href":"https:\/\/www.azanuy.com\/wordpress\/wp-json\/wp\/v2\/types\/post"}],"author":[{"embeddable":true,"href":"https:\/\/www.azanuy.com\/wordpress\/wp-json\/wp\/v2\/users\/1"}],"replies":[{"embeddable":true,"href":"https:\/\/www.azanuy.com\/wordpress\/wp-json\/wp\/v2\/comments?post=209"}],"version-history":[{"count":1,"href":"https:\/\/www.azanuy.com\/wordpress\/wp-json\/wp\/v2\/posts\/209\/revisions"}],"predecessor-version":[{"id":210,"href":"https:\/\/www.azanuy.com\/wordpress\/wp-json\/wp\/v2\/posts\/209\/revisions\/210"}],"wp:attachment":[{"href":"https:\/\/www.azanuy.com\/wordpress\/wp-json\/wp\/v2\/media?parent=209"}],"wp:term":[{"taxonomy":"category","embeddable":true,"href":"https:\/\/www.azanuy.com\/wordpress\/wp-json\/wp\/v2\/categories?post=209"},{"taxonomy":"post_tag","embeddable":true,"href":"https:\/\/www.azanuy.com\/wordpress\/wp-json\/wp\/v2\/tags?post=209"}],"curies":[{"name":"wp","href":"https:\/\/api.w.org\/{rel}","templated":true}]}}