{"id":207,"date":"2021-01-04T17:41:49","date_gmt":"2021-01-04T16:41:49","guid":{"rendered":"https:\/\/www.azanuy.com\/wordpress\/?p=207"},"modified":"2021-03-10T12:23:10","modified_gmt":"2021-03-10T11:23:10","slug":"domenche-de-cine","status":"publish","type":"post","link":"https:\/\/www.azanuy.com\/wordpress\/domenche-de-cine\/","title":{"rendered":"Domenche de cine"},"content":{"rendered":"\n<p>\u00bf Te\u2019n acordas d\u2019ixe cine que \u00f1\u2019habeba a la entrada de casa Cllav\u00e8ra? <\/p>\n\n\n\n<p>All\u00e1 pels ans sesenta, la ilusi\u00f3 \u00e8ba que llega-se el domenche p\u2019ana a v\u00e8r la pel\u00edcula que posaban. Tanto se\u2019n te\u2019n donaba de lo que f\u00e8-sen, lo m\u00e9s importante \u00e8ba pod\u2019hie entr\u00e1, e ixa obcuridad y sil\u00e8ncio , a vegadas trencat per las risas o els \u201c huys \u201c que gritabas per els sustos o emoci\u00f3ns de lo que vedebas en la pantalla, o tam\u00e8 el envolucra-te con la trama, la fantas\u00eda de las imagens y de lo curtet que se te f\u00e8ba cuan posaba FIN. <\/p>\n\n\n\n<p>\u00d1\u2019habeba vegadas que a mitat de la pel\u00edcula se\u2019n anaba la imagen, s\u2019 h\u00e8ba trencau la cinta , bueno \u2026se f\u00e9ba un descanso y la chen aprovechaba p\u2019ana a pix\u00e1 o f\u00e8 alg\u00fan comentario de lo qu\u2019 h\u00e8bas visto. <\/p>\n\n\n\n<p>Els fumados s\u2019enceneban un cigarro, pues a la vegada se dixaba fum\u00e1 y ax\u00ed se posaba una fumar\u00e8ra que casi no se vedeba res , hasta els ulls se te posaban royos.. Ixo s\u00ed, al atro d\u00eda, la r\u00f2pa encara f\u00e8ba ol\u00f3 a tabaco. \u00a1Qu\u00e9 tiempos aquells, c\u00f2ma els record\u00f3! <\/p>\n\n\n\n<p>Escrito presentat en Graus en 2014. El Ferruz.<\/p>\n","protected":false},"excerpt":{"rendered":"<p>\u00bf Te\u2019n acordas d\u2019ixe cine que \u00f1\u2019habeba a la entrada de casa Cllav\u00e8ra? All\u00e1 pels ans sesenta, la ilusi\u00f3 \u00e8ba que llega-se el domenche p\u2019ana a v\u00e8r la pel\u00edcula que posaban. Tanto se\u2019n te\u2019n donaba de lo que f\u00e8-sen, lo m\u00e9s importante \u00e8ba pod\u2019hie entr\u00e1, e ixa obcuridad y sil\u00e8ncio , a vegadas trencat per [&hellip;]<\/p>\n","protected":false},"author":1,"featured_media":0,"comment_status":"closed","ping_status":"open","sticky":false,"template":"templates\/template-full-width.php","format":"standard","meta":{"footnotes":""},"categories":[5],"tags":[],"class_list":["post-207","post","type-post","status-publish","format-standard","hentry","category-escritos"],"_links":{"self":[{"href":"https:\/\/www.azanuy.com\/wordpress\/wp-json\/wp\/v2\/posts\/207","targetHints":{"allow":["GET"]}}],"collection":[{"href":"https:\/\/www.azanuy.com\/wordpress\/wp-json\/wp\/v2\/posts"}],"about":[{"href":"https:\/\/www.azanuy.com\/wordpress\/wp-json\/wp\/v2\/types\/post"}],"author":[{"embeddable":true,"href":"https:\/\/www.azanuy.com\/wordpress\/wp-json\/wp\/v2\/users\/1"}],"replies":[{"embeddable":true,"href":"https:\/\/www.azanuy.com\/wordpress\/wp-json\/wp\/v2\/comments?post=207"}],"version-history":[{"count":2,"href":"https:\/\/www.azanuy.com\/wordpress\/wp-json\/wp\/v2\/posts\/207\/revisions"}],"predecessor-version":[{"id":232,"href":"https:\/\/www.azanuy.com\/wordpress\/wp-json\/wp\/v2\/posts\/207\/revisions\/232"}],"wp:attachment":[{"href":"https:\/\/www.azanuy.com\/wordpress\/wp-json\/wp\/v2\/media?parent=207"}],"wp:term":[{"taxonomy":"category","embeddable":true,"href":"https:\/\/www.azanuy.com\/wordpress\/wp-json\/wp\/v2\/categories?post=207"},{"taxonomy":"post_tag","embeddable":true,"href":"https:\/\/www.azanuy.com\/wordpress\/wp-json\/wp\/v2\/tags?post=207"}],"curies":[{"name":"wp","href":"https:\/\/api.w.org\/{rel}","templated":true}]}}