{"id":205,"date":"2021-01-04T17:40:36","date_gmt":"2021-01-04T16:40:36","guid":{"rendered":"https:\/\/www.azanuy.com\/wordpress\/?p=205"},"modified":"2021-01-04T17:40:36","modified_gmt":"2021-01-04T16:40:36","slug":"la-neu-y-els-mixonez","status":"publish","type":"post","link":"https:\/\/www.azanuy.com\/wordpress\/la-neu-y-els-mixonez\/","title":{"rendered":"La neu y els mixonez"},"content":{"rendered":"\n<p>\u00bf Has visto este maitino com ha amaneciu, tot el llug\u00e1 y el t\u00e8rme, nevat? Ya f\u00e8ba ans que no \u00f1\u2019habeba una nevada c\u00f2ma la que hem teniu. <\/p>\n\n\n\n<p>Yo me\u2019n acord\u00f3 de una nevada per all\u00e1 els ans 60 de mes de coranta cent\u00edmetros .Pa move-se pels carr\u00e8s van tindre que an\u00e1 sacan la neu con palas y ana-la amomtonan pe\u00b4ls costaz dels carr\u00e8s pa que pode-sen pas\u00e1 la chen. <\/p>\n\n\n\n<p>Pareixeba coma las trich\u00e8res ixan que vedeban en las pel\u00edculas, feitas en la neu, anabam desde la porta de casa de cada uno hasta el mitat del carr\u00e8. <\/p>\n\n\n\n<p>Las prim\u00e8ras que se van limpi\u00e1 van s\u00e8 la del forn , a las tiendas ,la carnicer\u00eda y sobretot la del caf\u00e9, ag\u00f3n pasaban bon ratos els h\u00f2mes charran o chugan a las cartas pa pasa el rato. <\/p>\n\n\n\n<p>Els h\u00f3mes troceaban la lle\u00f1a pa el fogaril o las estufas y se preocupaban que no falta-se palla a las bestias que estaban al corral y minch\u00e1 a las crabas y ovellas que las teniban a casa. <\/p>\n\n\n\n<p>Me\u2019n acord\u00f3 del si\u00f1o To\u00f1et c\u00f2ma si fuese ara cargat con la manta pllena de palla que cuanto menos f\u00e8ba cuatre vegada el bulto de ell. <\/p>\n\n\n\n<p>\u00bfTos imaginaz caminan cara el pall\u00e8ro con ixa neu a toz el que teniban animals? Pu\u00e9s a la vegada \u00e8ba lo m\u00e9s normal que\u2019n \u00f1\u2019habe-se a las casas. <\/p>\n\n\n\n<p>Fa uns ans, el que neva-se soleva s\u00e8 mes normal que ara y el f\u00e8ba m\u00e9s a menudo tam\u00e8 y las casas ya estaban organizadas per si el ana-se\u00a0a f\u00e8. <\/p>\n\n\n\n<p>La pall\u00e8ra pllena per si acaso ,a la albardiza bons faixos de lle\u00f1a prima pa encendre el f\u00f2c y al corral bonas chocas amontonadas pa ana-las posan al fogaril desde el maitino hasta que te\u2019n ana-ses a dormi y de minch\u00e1, no en faltaba perque estaba b\u00e9n reciente el mondongo que se acababa de f\u00e8. <\/p>\n\n\n\n<p>Bonas morcillas ,bulls, chulleta entreverada y de la bllanca y alg\u00fan chorizo, ixo s\u00ed las llonganizas,la costilla y el llom, no toca-los, pues se guardaban pa seg\u00e1 y trill\u00e1 , que \u00e8ba cuan m\u00e9s esfuerzos se f\u00e8ban y \u00f1\u2019habeba que posa-las en adobo pa que se guarda-sen pal estiu. <\/p>\n\n\n\n<p>Els zagals y zagalas con la neu se\u2019l pasaban mol b\u00e9n, \u00e9ba un aconteciment\u00a0y una diversi\u00f3 m\u00f2l gran y dedelugo el\u00a0pasaban m\u00f2l b\u00e8n, mos tiraban bolas de neu, f\u00e8ban mo\u00f1acos y b\u00f2las de las m\u00e8s gran que podeban y\u00a0la f\u00e8ban baixa redolan per la cost\u00e8ra cara la Sosa, y cuan llegaba al g\u00fcerto de casa C\u00f2zme ya no podeban f\u00e8-la lleg\u00e1 mes entadevan de lo gran que se h\u00e8ba f\u00e8ito. <\/p>\n\n\n\n<p>Esto que tos diba, pasaba cuan salliban de la escuela, pu\u00e9s c\u00f2ma la m\u00e8stra y els m\u00e8stres viviban al llug\u00e1 no teniban ning\u00fan problema pa f\u00e8 escuela, y lo mateix pasaba con la atenci\u00f3 del m\u00e8dico pues al viure al llug\u00e1 si alguno se posaba malo esta ateso de inmediato, es lo que va pas\u00e1 con el si\u00f1o Emilio que se va rellisc\u00e0 anan a busc\u00e1\u00a0el pa al forn y chusto al doblla la contonada, pa pilla el carr\u00e8 may\u00f3, be-te tu que se va pega una costillada y all\u00ed se va queda est\u00e8so, no el van toc\u00e1 hasta que va vindre el dot\u00f3 ,que estaba atenen chusto all\u00ed alcostat, a una d\u00f2na que estaba mol mal y le posaba, d\u00eda si d\u00eda no, una inyecci\u00f3 pa cura-la. <\/p>\n\n\n\n<p>Els que si teniban problemas \u00e8ban el autos de l\u00ednea, que van est\u00e1 cuatre d\u00edas sin pas\u00e1, ara h\u00e8-se sito un esc\u00e1ndalo, pero cllaro antes ixos adelantos que \u00f1\u2019hey ara, no hi\u2019estaban o no llegaban pe\u2019ls llug\u00e1s chicos. Lo que preucupaba cuan sallibas de casa y caminabas per la neu, \u00e9ba la muixadura, pues no \u00f1\u2019habeba botas de goma coma ara, els calzaz de la vegada teniban molto que desea als de avui. <\/p>\n\n\n\n<p>C\u00f2ma m\u00f2lto ,unas polainas que se posaban alguns h\u00f2mes, y el que`n teniba unas botas de cuero ben sucadas con el pixado del tocino que soleban llev\u00e1 una sola de mad\u00e8ra con tachuelas cllabadas pa que no se rellisca-se al camin\u00e1 o pel ch\u00e8lo o pa que se agara-se mill\u00f3 a la neu. <\/p>\n\n\n\n<p>Alguns h\u00f2mes que \u00e8ban cazad\u00f3s salliban a def\u00f2ra per v`rr que pillaban, ya que els conills salliban a minch\u00e1, y cllaro, encima la neu se\u2019ls vedeba mol b\u00e9n y el tiro casi \u00e8ba seguro, atros anaban a pos\u00e1 cepez pa pill\u00e1 mixonez y torrodans que caiban a mont\u00f3. <\/p>\n\n\n\n<p>Al par\u00e1 els cepez \u00f1\u2019habeba que an\u00e1 con cuidau , primero se hie posaba el c\u00e8bo y dimpues se obriba el cepet y se posaba enterrat en un montonet de t\u00e8rra que s\u2019\u00e8ba preparau con una eixateda que t\u2019henebas portau de casa, ixo el f\u00e8bas al costat de un \u00e1rbol y si \u00a0h\u00e8ba salliu el Sol a carasol. <\/p>\n\n\n\n<p>Si el c\u00e8bo podeba s\u00e8 una aladra, ya no te digo com caiban. Cuan els llevaban a casa el despllumaban y pa disn\u00e1 o cen\u00e1 una vega fritez o encebollaz feitos al cazuelo p\u00f2co a p\u00f2co al rescoldo del fogaril y a suca-le p\u00e1.Tels minchabas b\u00e9n a gusto , \u00bf Atros tiempos verdat? <\/p>\n\n\n\n<p>Si la neu tardaba a desfa-se apareixeban uns chupados de ch\u00e8lo puntiaguz que pareixeban puntas de lanzas pllateadas dependen del fret que f\u00e8ba que se pegan a las teulas del terrat y\u00a0anaban desapareixen al tiempo que salliba el Sol y empezaba a f\u00e8 bueno. Llastima que no neve m\u00e9s amenudo. <\/p>\n\n\n\n<p>El Ferruz enero 2015<\/p>\n","protected":false},"excerpt":{"rendered":"<p>\u00bf Has visto este maitino com ha amaneciu, tot el llug\u00e1 y el t\u00e8rme, nevat? Ya f\u00e8ba ans que no \u00f1\u2019habeba una nevada c\u00f2ma la que hem teniu. Yo me\u2019n acord\u00f3 de una nevada per all\u00e1 els ans 60 de mes de coranta cent\u00edmetros .Pa move-se pels carr\u00e8s van tindre que an\u00e1 sacan la neu [&hellip;]<\/p>\n","protected":false},"author":1,"featured_media":0,"comment_status":"closed","ping_status":"open","sticky":false,"template":"templates\/template-full-width.php","format":"standard","meta":{"footnotes":""},"categories":[5],"tags":[],"class_list":["post-205","post","type-post","status-publish","format-standard","hentry","category-escritos"],"_links":{"self":[{"href":"https:\/\/www.azanuy.com\/wordpress\/wp-json\/wp\/v2\/posts\/205","targetHints":{"allow":["GET"]}}],"collection":[{"href":"https:\/\/www.azanuy.com\/wordpress\/wp-json\/wp\/v2\/posts"}],"about":[{"href":"https:\/\/www.azanuy.com\/wordpress\/wp-json\/wp\/v2\/types\/post"}],"author":[{"embeddable":true,"href":"https:\/\/www.azanuy.com\/wordpress\/wp-json\/wp\/v2\/users\/1"}],"replies":[{"embeddable":true,"href":"https:\/\/www.azanuy.com\/wordpress\/wp-json\/wp\/v2\/comments?post=205"}],"version-history":[{"count":1,"href":"https:\/\/www.azanuy.com\/wordpress\/wp-json\/wp\/v2\/posts\/205\/revisions"}],"predecessor-version":[{"id":206,"href":"https:\/\/www.azanuy.com\/wordpress\/wp-json\/wp\/v2\/posts\/205\/revisions\/206"}],"wp:attachment":[{"href":"https:\/\/www.azanuy.com\/wordpress\/wp-json\/wp\/v2\/media?parent=205"}],"wp:term":[{"taxonomy":"category","embeddable":true,"href":"https:\/\/www.azanuy.com\/wordpress\/wp-json\/wp\/v2\/categories?post=205"},{"taxonomy":"post_tag","embeddable":true,"href":"https:\/\/www.azanuy.com\/wordpress\/wp-json\/wp\/v2\/tags?post=205"}],"curies":[{"name":"wp","href":"https:\/\/api.w.org\/{rel}","templated":true}]}}