{"id":199,"date":"2021-01-04T17:26:37","date_gmt":"2021-01-04T16:26:37","guid":{"rendered":"https:\/\/www.azanuy.com\/wordpress\/?p=199"},"modified":"2021-01-04T17:26:37","modified_gmt":"2021-01-04T16:26:37","slug":"la-bufera-paco-mosemportella","status":"publish","type":"post","link":"https:\/\/www.azanuy.com\/wordpress\/la-bufera-paco-mosemportella\/","title":{"rendered":"La bufera &#8211; Paco Mosemportella"},"content":{"rendered":"\n<p class=\"has-text-align-center\">Siempre pasan cosas raras<br>que a yo me agrada explic\u00e1,<br>me va vindre a la memoria<br>y vay empez\u00e1 a pens\u00e1.<br>Si tal digo yo no crego<br>que se tingan que enfad\u00e1<br>als que les va pas\u00e1 aquello<br>que yo tos voy a cont\u00e1.<br>Yo no tos dir\u00e9 qui eban<br>el nom no tal dir\u00e9 pas<br>solo tos dir\u00e9 una cosa<br>que el teniz que endevin\u00e1.<br>Cuan salliban de la cena<br>van marcha cara en ta baix<br>van pas\u00e1 per un carr\u00e9<br>que no se podeba an\u00e1.<br>y cuan van lleg\u00e1 a una pllaza<br>un poquet mes enta baix<br>se van trob\u00e1 con dos guardias<br>que van di alto paraz.<br>Els van fe baix\u00e1 del coche<br>van empez\u00e1 a pregunt\u00e1<br>que de agon vienen a estas horas<br>mire venim de cen\u00e1<br>som de un llug\u00e1 mal majo<br>mas reunim toz els ans<br>cenam con molta armonia<br>y hasta ballam uns balls.<br>El llug\u00e1 es Azanuy<br>y molta ilusi\u00f3 mas f\u00e1<br>y toz mos fem mal contentos<br>de podemos achunt\u00e1,<br>de beure no bebem guaire<br>perque som chen mal formal<br>no mes mas explicam cosas<br>que pasan alli al llug\u00e1.<br>Un guardia va sac\u00e1 un traste<br>se van qued\u00e1 algo espantaz<br>cuan el guardia-lis<br>\u00a0va di<br>ara tindr\u00e1n que buf\u00e1.<br>Toz els que llevaban coche<br>la bufada van peg\u00e1<br>y el guardia lis va di<br>pues ya sen poden an\u00e1.<br>Cuan el guardia va di ixo<br>que tranquilos van qued\u00e1<br>se van pos\u00e1 a dintro el coche<br>y en ta casa van an\u00e1.<br>y ara bien la endivineta<br>que teniz que endivin\u00e1.<br>\u00bfQui eban aquells que els guardias<br>diuen que els van fe buf\u00e1?<br>Pues el1s viuen a Terrassa<br>no faltan may a cen\u00e1<br>endivina endivineta<br>\u00bfEl sabrez endivin\u00e1?<\/p>\n","protected":false},"excerpt":{"rendered":"<p>Siempre pasan cosas rarasque a yo me agrada explic\u00e1,me va vindre a la memoriay vay empez\u00e1 a pens\u00e1.Si tal digo yo no cregoque se tingan que enfad\u00e1als que les va pas\u00e1 aquelloque yo tos voy a cont\u00e1.Yo no tos dir\u00e9 qui ebanel nom no tal dir\u00e9 passolo tos dir\u00e9 una cosaque el teniz que endevin\u00e1.Cuan [&hellip;]<\/p>\n","protected":false},"author":1,"featured_media":0,"comment_status":"closed","ping_status":"open","sticky":false,"template":"","format":"standard","meta":{"footnotes":""},"categories":[5],"tags":[],"class_list":["post-199","post","type-post","status-publish","format-standard","hentry","category-escritos"],"_links":{"self":[{"href":"https:\/\/www.azanuy.com\/wordpress\/wp-json\/wp\/v2\/posts\/199","targetHints":{"allow":["GET"]}}],"collection":[{"href":"https:\/\/www.azanuy.com\/wordpress\/wp-json\/wp\/v2\/posts"}],"about":[{"href":"https:\/\/www.azanuy.com\/wordpress\/wp-json\/wp\/v2\/types\/post"}],"author":[{"embeddable":true,"href":"https:\/\/www.azanuy.com\/wordpress\/wp-json\/wp\/v2\/users\/1"}],"replies":[{"embeddable":true,"href":"https:\/\/www.azanuy.com\/wordpress\/wp-json\/wp\/v2\/comments?post=199"}],"version-history":[{"count":1,"href":"https:\/\/www.azanuy.com\/wordpress\/wp-json\/wp\/v2\/posts\/199\/revisions"}],"predecessor-version":[{"id":200,"href":"https:\/\/www.azanuy.com\/wordpress\/wp-json\/wp\/v2\/posts\/199\/revisions\/200"}],"wp:attachment":[{"href":"https:\/\/www.azanuy.com\/wordpress\/wp-json\/wp\/v2\/media?parent=199"}],"wp:term":[{"taxonomy":"category","embeddable":true,"href":"https:\/\/www.azanuy.com\/wordpress\/wp-json\/wp\/v2\/categories?post=199"},{"taxonomy":"post_tag","embeddable":true,"href":"https:\/\/www.azanuy.com\/wordpress\/wp-json\/wp\/v2\/tags?post=199"}],"curies":[{"name":"wp","href":"https:\/\/api.w.org\/{rel}","templated":true}]}}