{"id":197,"date":"2021-01-04T17:25:53","date_gmt":"2021-01-04T16:25:53","guid":{"rendered":"https:\/\/www.azanuy.com\/wordpress\/?p=197"},"modified":"2021-01-04T17:25:53","modified_gmt":"2021-01-04T16:25:53","slug":"cena-de-la-chen-dazanuy-a-barcelona-paco-mosemportella","status":"publish","type":"post","link":"https:\/\/www.azanuy.com\/wordpress\/cena-de-la-chen-dazanuy-a-barcelona-paco-mosemportella\/","title":{"rendered":"Cena de la chen d&#8217;Azanuy a Barcelona &#8211; Paco Mosemportella"},"content":{"rendered":"\n<p class=\"has-text-align-center\">Si toz me donaz permiso<br>tos querria salud\u00e1<br>y di que estigo contento<br>con tanta chen del lluga<br>y pa empez\u00e1 als primeros<br>que yo queriba nombr\u00e1<br>son Antonio y Tereseta<br>deIs que han veniu a cen\u00e1<br>Que son els mes veteranos<br>y el queriba resalt\u00e1<br>y a su filla Conchita<br>que no podeva falt\u00e1<br>Jos\u00e9 Mar\u00eda de Colls<br>que no podeba fallamos<br>que chunto con la se\u00f1ora<br>tam\u00e9 son deIs veteranos<br>y Miguel el de polita<br>ixe que sabe cant\u00e1<br>a yo me va di Pepita<br>que ella el va cri\u00e1<br>y yo te digo Pepita<br>que el podrias destet\u00e1<br>que Miguel Angel y C\u00e9sar<br>se tos podrian cas\u00e1<br>y tien en cuenta chiqueta<br>que tindr\u00e1s a qui cri\u00e1<br>Pepita y Raul Augusto<br>sabez qui tos quiero d\u00ed<br>han veniu con la familia<br>son de casa Mallot\u00ed<br>Rosendo tampoco mos falla<br>su chermana Josefina<br>pa que estiga tot completo<br>tom\u00e9 su filla Virginia<br>y Montserrat de Constante<br>que tam\u00e9 sabe cant\u00e1<br>con Rafael que es su marido<br>no mos podeba fall\u00e1<br>y Luis de Carpintero<br>con la se\u00f1ora aqui est\u00e1<br>y con la chen de Azanuy<br>sen han veniu a cen\u00e1<br>Pepita y Eugenio son<br>de Pallarol del rinc\u00f3<br>Que han veniu con els fillos<br>chuntos a esta reuni\u00f3<br>De casa Mosenportella<br>no mos han fei fuineta<br>Jos\u00e9 Mar\u00eda ixe gordo<br>ni tampoco Esperanceta<br>y Ana que es mi cu\u00f1ada<br>y la Montse y Eduardo<br>y otra pareja me queda<br>que son la Pili y Juanjo<br>el de la Franchovaquera<br>y de la Mateixa rama<br>son tom\u00e9 Angela y Carlos<br>su mare se diu Pepita<br>y yo que me digo Paco<br>y la dona de Roberto<br>que es filla de Petra y Cayo<br>y Mari Carmen y el novio<br>tom\u00e9 estan entre nusatros<br>Manolo y Mar\u00eda Teresa<br>ya sabez toz qui son ells<br>Mar\u00eda teresa de Merlli<br>Manolo de Campurrells<br>Valent\u00edn y Mar\u00eda Luisa<br>que son de casa Manuela<br>y Marisa con el novio<br>tom\u00e9 han Veniu a la cena<br>Viuen al carr\u00e9 Marracos<br>a casa Pepi han naxiu<br>Herminia el fillo y la filla<br>con nusatros han veniu<br>Jos\u00e9 Mar\u00eda y la dona<br>no me acordo com se diu<br>Pedro y Mercedes tam\u00e9<br>mos acompa\u00f1an avui<br>Poquito Faure y la dona<br>el fillo de Francisquet<br>y son de casa Faure<br>del carr\u00e9 del Pilaret<br>Mariano y Manolita<br>son bailarins de primera<br>de casa Ignacia son<br>no mos fallan a lo cena<br>Juan y Mari son mol majos<br>els dos son una hermosura<br>y cuan vienen al estiu<br>se est\u00e1n a casa del Cura<br>Pilar y Armendo que majos<br>el segundo o el primero<br>direm de casa Col\u00e1s<br>\u00e1 direm de casa Soguero<br>Juan Antonio y la se\u00f1ora<br>de agon es este chiquet<br>un troz de casa Cordona<br>y un atro de Manolet<br>Una pareja mol maja<br>y tam\u00e9 mol simpaticas<br>Pepe y Mar\u00eda se diuen<br>y son de Pedro Benito<br>son de la Franchovaquera<br>Fermin tam\u00e9 Joseret<br>de una familia mol llarga<br>eban els mes chovenez<br>y els dos se van cas\u00e1<br>con un parell de chermanas<br>Ferm\u00edn se va llev\u00e1 a Flora<br>y Joseret a la Juana<br>Asun y el novio tam\u00e9<br>han veniu aqu\u00ed a cen\u00e1<br>si el an pasat ya van vindre<br>no mos podeban fall\u00e1<br>Els de casa Colaset<br>que son bona rafollada<br>que familia mes unida<br>y que familia mes maja<br>Jos\u00e9 Mar\u00eda y la Seni<br>pa que tos quiero cont\u00e1<br>entre els fillos y els choves<br>deu que sen van apunt\u00e1<br>Miguel de Paulo y la dona<br>no mos han queriu fall\u00e1<br>y aqu\u00ed els tenim con nusatros<br>lo mateix que el on pasat<br>Violeta y su marido<br>de Teixid\u00f3 o de Felip<br>la mitad de cada casa<br>y els tenim aqu\u00ed esta nit<br>No toz poden presum\u00ed<br>tindre amigos de verdat<br>yo puedo di que presumo<br>me teniz que perdon\u00e1<br>queu parlle tanto de yo<br>y que tol quiera explic\u00e1<br>ells son Jos\u00e9 y Teresina<br>als que quiero de verdat<br>y que aqui mos acompa\u00f1an<br>perque han veniu a cen\u00e1<br>y tam\u00e9 han veniu con ells<br>CarIos y Jos\u00e9 Mar\u00eda<br>con las donas que se diuen<br>Ana Rosa y Elvira<br>Un troz de casa Calistro<br>y otro de Pepet de Andr\u00e9s<br>que vien con dos Valentinas<br>y que toz saben qui es<br>Paco solo tos deseo<br>que tol pasez ben els tres<br>Dos que tampoco mos fallan<br>de Palosum Trinidad<br>Antonio que es de Bayona<br>tos aprecio de verdat<br>Mari la del Almuniero<br>con el marido no fallan<br>perque quieren a Azanuy<br>a cen\u00e1 mos acompa\u00f1an<br>De serrana Rosal\u00eda<br>de Godoy es el marido<br>que el an pasat me va di<br>que ixo teniva que dilo<br>Mar\u00eda Cllusa y marido<br>tam\u00e9 han veniu a cen\u00e1<br>que el an pasat ya van vindre<br>y mol ben sel van pas\u00e1<br>Josefina y el marido<br>que no mel quiero olvid\u00e1<br>es de casa Palosum<br>que est\u00e1 pel suelo el llug\u00e1<br>Carmencita de la Sierra<br>Carmencita de Portella<br>y su marido Francisco<br>tam\u00e9 han veniu a la cena<br>Enrique Cozme y se\u00f1ora<br>mos han veniu mol cargaz<br>coma cuan llegan els reys<br>que han veniu adelantaz<br>te quiero don\u00e1 las gracias<br>per la colaboraci\u00f3<br>ya se que per Azanuy<br>es cap\u00e1z de felo tot<br>Andres Obis y se\u00f1ora<br>si no sabez qui es ell<br>no mes tos tingo que di<br>fillo de casa Rafel<br>lo mateix que su chermana<br>mos acompa\u00f1a tam\u00e9<br>que esta cena de Azanuy<br>no se lan queriu perd\u00e9<br>Vienen chuntas a la cena<br>que per ixo son chermanas<br>son Montserrat y Julieta<br>y fillas de casa Juana<br>La Tere y Gloria de Faure<br>que tam\u00e9 dim del chalet<br>a esta cena de Azanuy<br>han queriu vindr\u00e9 tam\u00e9<br>y Mercedes la chermana<br>y Pepita y el marido<br>que tam\u00e9 mos acompa\u00f1an<br>a esta cena de amigos<br>Jos\u00e9 Luis el de Roles<br>con la se\u00f1ora ha veniu<br>que igual que toz nusatros<br>sen acordan de Azanuy<br>Tam\u00e9 viene con el marido<br>Elvireta Patat\u00e1<br>que a esta cena de Azanuy<br>tam\u00e9 yan queriu est\u00e1<br>De una manera especial<br>yo queriba salud\u00e1<br>als que han veniu de Azanuy<br>con nusatros a cen\u00e1<br>Joaquin de faro y Paquita<br>ya van vindre el an pasat<br>enguan han tornau a vindre<br>y Joaquin mos cantar\u00e1<br>Enrique de Chafandin<br>y Anita que tal estaz<br>mos en feito mol contentos<br>perque mos acompa\u00f1az<br>Aurora y Alberto son<br>ixes del cabo llug\u00e1<br>que son de casa Lorenza<br>tam\u00e9 vienen a cen\u00e1<br>con su filla Margarita<br>que no ya queriu falt\u00e1<br>Mar\u00eda Dolores repite<br>que va vindre el an pasat<br>y Teresita Portella<br>que no se dixa escap\u00e1<br>y ben contestos estam<br>de que vingas a cen\u00e1<br>Ram\u00f3n de Roles tam\u00e9<br>con Pilarin no mos fallan<br>y toz estam mol contentos<br>que tam\u00e9 mos acompa\u00f1an<br>Jos\u00e9 Mar\u00eda y Hortensia<br>tam\u00e9 ez veniu del llug\u00e1<br>y els que vivim aqui<br>ixo el sabem apreci\u00e1<br>y toz estam mol contentos<br>per que ez veniu a cen\u00e1<br>Yo tos demano perd\u00f3n<br>si me queriz perdon\u00e1<br>perque estes versos que he escrito<br>man salliu tan mal farchaz<br>pero ya tos puedo di<br>que ye posau voluntad<br>y que no el far\u00e9 may mes<br>\u00bfverda que me perdonaz?<br>FIN<\/p>\n","protected":false},"excerpt":{"rendered":"<p>Si toz me donaz permisotos querria salud\u00e1y di que estigo contentocon tanta chen del llugay pa empez\u00e1 als primerosque yo queriba nombr\u00e1son Antonio y TeresetadeIs que han veniu a cen\u00e1Que son els mes veteranosy el queriba resalt\u00e1y a su filla Conchitaque no podeva falt\u00e1Jos\u00e9 Mar\u00eda de Collsque no podeba fallamosque chunto con la se\u00f1oratam\u00e9 son [&hellip;]<\/p>\n","protected":false},"author":1,"featured_media":0,"comment_status":"closed","ping_status":"open","sticky":false,"template":"","format":"standard","meta":{"footnotes":""},"categories":[5],"tags":[],"class_list":["post-197","post","type-post","status-publish","format-standard","hentry","category-escritos"],"_links":{"self":[{"href":"https:\/\/www.azanuy.com\/wordpress\/wp-json\/wp\/v2\/posts\/197","targetHints":{"allow":["GET"]}}],"collection":[{"href":"https:\/\/www.azanuy.com\/wordpress\/wp-json\/wp\/v2\/posts"}],"about":[{"href":"https:\/\/www.azanuy.com\/wordpress\/wp-json\/wp\/v2\/types\/post"}],"author":[{"embeddable":true,"href":"https:\/\/www.azanuy.com\/wordpress\/wp-json\/wp\/v2\/users\/1"}],"replies":[{"embeddable":true,"href":"https:\/\/www.azanuy.com\/wordpress\/wp-json\/wp\/v2\/comments?post=197"}],"version-history":[{"count":1,"href":"https:\/\/www.azanuy.com\/wordpress\/wp-json\/wp\/v2\/posts\/197\/revisions"}],"predecessor-version":[{"id":198,"href":"https:\/\/www.azanuy.com\/wordpress\/wp-json\/wp\/v2\/posts\/197\/revisions\/198"}],"wp:attachment":[{"href":"https:\/\/www.azanuy.com\/wordpress\/wp-json\/wp\/v2\/media?parent=197"}],"wp:term":[{"taxonomy":"category","embeddable":true,"href":"https:\/\/www.azanuy.com\/wordpress\/wp-json\/wp\/v2\/categories?post=197"},{"taxonomy":"post_tag","embeddable":true,"href":"https:\/\/www.azanuy.com\/wordpress\/wp-json\/wp\/v2\/tags?post=197"}],"curies":[{"name":"wp","href":"https:\/\/api.w.org\/{rel}","templated":true}]}}