{"id":156,"date":"2021-01-04T13:06:09","date_gmt":"2021-01-04T12:06:09","guid":{"rendered":"https:\/\/www.azanuy.com\/wordpress\/?p=156"},"modified":"2021-01-04T13:09:02","modified_gmt":"2021-01-04T12:09:02","slug":"2016-xxxvii-semana-cultural","status":"publish","type":"post","link":"https:\/\/www.azanuy.com\/wordpress\/2016-xxxvii-semana-cultural\/","title":{"rendered":"2016 &#8211; XXXVII Semana Cultural"},"content":{"rendered":"\n<p>D\u00eda 18 &#8211; Mesa redonda con el tema \u201cSeguridad alimentaria en los productos c\u00e1rnicos elaborados\u201d. Intervendr\u00e1n: Gloria Hern\u00e1ndez, gerente de Asoprovac-Arabovis; Santiago Espa\u00f1ol, gerente de la Lonja Agropecuaria de Bin\u00e9far; Laura Til, veterinaria de Fribin; Jos\u00e9 Luis Per\u00e9z, m\u00e9dico de Azanuy; Javier Escart\u00edn, cortador de jam\u00f3n profesional. Moderar\u00e1 el coloquio Paco Aznar, director de la revista Somos Litera.<\/p>\n\n\n\n<p>D\u00eda 19 &#8211; Los ni\u00f1os de la escuela de Azanuy pondr\u00e1n en escena \u201cLa ratita presumida\u201d y \u201cLos tres cirujanos\u201d. Tambi\u00e9n habr\u00e1 poes\u00edas, bailes y otras actuaciones. Dirigidos por los profesores D\u00aa. Nuria Bernaus, D\u00aa. Eva Pardina, D. Carlos Ric y D\u00aa. Teresa C\u00f3rdova.<\/p>\n\n\n\n<p>D\u00eda 20 &#8211; Charla con proyecci\u00f3n a cargo de los escritores D. Jos\u00e9 Antonio Adell y D. Celedonio Garc\u00eda con el tema \u201cHistorias y leyendas de los castillos de Arag\u00f3n\u201d.<\/p>\n\n\n\n<p>D\u00eda 21 &#8211; Conferencia a cargo del escultor D. Mario Molins y el fot\u00f3grafo D. Aurelio Ortiz con el tema \u201cArte y naturaleza. Dos visiones diferentes de la naturaleza\u201d.<\/p>\n\n\n\n<p>D\u00eda 22 &#8211; Conferencia a cargo de D. Jos\u00e9 M\u00aa Sis\u00f3 V\u00e1zquez, adjunto a gerencia de tr\u00e1fico de ADIF con el tema \u201cComunicaciones ferroviarias en el Alto Arag\u00f3n y enlaces transpirenaicos\u201d.<\/p>\n\n\n\n<p>D\u00eda 23 &#8211; Concierto a cargo del Grupo de Habaneras de la Asociaci\u00f3n San Mateo de Monz\u00f3n.<\/p>\n","protected":false},"excerpt":{"rendered":"<p>D\u00eda 18 &#8211; Mesa redonda con el tema \u201cSeguridad alimentaria en los productos c\u00e1rnicos elaborados\u201d. Intervendr\u00e1n: Gloria Hern\u00e1ndez, gerente de Asoprovac-Arabovis; Santiago Espa\u00f1ol, gerente de la Lonja Agropecuaria de Bin\u00e9far; Laura Til, veterinaria de Fribin; Jos\u00e9 Luis Per\u00e9z, m\u00e9dico de Azanuy; Javier Escart\u00edn, cortador de jam\u00f3n profesional. Moderar\u00e1 el coloquio Paco Aznar, director de la [&hellip;]<\/p>\n","protected":false},"author":1,"featured_media":0,"comment_status":"closed","ping_status":"open","sticky":false,"template":"templates\/template-full-width.php","format":"standard","meta":{"footnotes":""},"categories":[1],"tags":[],"class_list":["post-156","post","type-post","status-publish","format-standard","hentry","category-semana-cultural"],"_links":{"self":[{"href":"https:\/\/www.azanuy.com\/wordpress\/wp-json\/wp\/v2\/posts\/156","targetHints":{"allow":["GET"]}}],"collection":[{"href":"https:\/\/www.azanuy.com\/wordpress\/wp-json\/wp\/v2\/posts"}],"about":[{"href":"https:\/\/www.azanuy.com\/wordpress\/wp-json\/wp\/v2\/types\/post"}],"author":[{"embeddable":true,"href":"https:\/\/www.azanuy.com\/wordpress\/wp-json\/wp\/v2\/users\/1"}],"replies":[{"embeddable":true,"href":"https:\/\/www.azanuy.com\/wordpress\/wp-json\/wp\/v2\/comments?post=156"}],"version-history":[{"count":1,"href":"https:\/\/www.azanuy.com\/wordpress\/wp-json\/wp\/v2\/posts\/156\/revisions"}],"predecessor-version":[{"id":157,"href":"https:\/\/www.azanuy.com\/wordpress\/wp-json\/wp\/v2\/posts\/156\/revisions\/157"}],"wp:attachment":[{"href":"https:\/\/www.azanuy.com\/wordpress\/wp-json\/wp\/v2\/media?parent=156"}],"wp:term":[{"taxonomy":"category","embeddable":true,"href":"https:\/\/www.azanuy.com\/wordpress\/wp-json\/wp\/v2\/categories?post=156"},{"taxonomy":"post_tag","embeddable":true,"href":"https:\/\/www.azanuy.com\/wordpress\/wp-json\/wp\/v2\/tags?post=156"}],"curies":[{"name":"wp","href":"https:\/\/api.w.org\/{rel}","templated":true}]}}