{"id":154,"date":"2021-01-04T13:05:45","date_gmt":"2021-01-04T12:05:45","guid":{"rendered":"https:\/\/www.azanuy.com\/wordpress\/?p=154"},"modified":"2021-01-04T13:09:02","modified_gmt":"2021-01-04T12:09:02","slug":"2015-xxxvi-semana-cultural","status":"publish","type":"post","link":"https:\/\/www.azanuy.com\/wordpress\/2015-xxxvi-semana-cultural\/","title":{"rendered":"2015 &#8211; XXXVI Semana Cultural"},"content":{"rendered":"\n<p>D\u00eda 19 &#8211; Los ni\u00f1os de la escuela de Azanuy pondr\u00e1n en escena \u201cEl musical del rey le\u00f3n\u201d. Despu\u00e9s interpretar\u00e1n con la flauta diversas canciones, dirigidos por los profesores D\u00aa Patricia Mart\u00ednez, D\u00aa Mar\u00eda \u00c1ngeles Mur y Don Carlos Ric.<\/p>\n\n\n\n<p>D\u00eda 20 &#8211; Conferencia a cargo de Don Victor Miguel Mur Barbastro, licenciado en filolog\u00eda inglesa, con el tema \u00ab1989 reunificaci\u00f3n alemana, nuestro contrapunto\u201d.<\/p>\n\n\n\n<p>D\u00eda 21 &#8211; Conferencia a cargo Don Jos\u00e9 Mar\u00eda Rodan\u00e9s Vicente, catedr\u00e1tico de prehistoria de la Universidad de Zaragoza, con el tema \u201cLa cueva del moro de Al\u00edns y la prehistoria de la Litera\u201d<\/p>\n\n\n\n<p>D\u00eda 22 &#8211; Presentaci\u00f3n del libro \u201cReencontrando el camino\u201d a cargo de su autor Don Daniel Vilalta Castel.<\/p>\n\n\n\n<p>D\u00eda 23 &#8211; Conferencia coloquio con el tema \u201cEl futbol no es as\u00ed\u201d a cargo de Don Pedro Torrens y Don Javier Tebas, presidente de la Liga de Futbol Profesional. Ambos son autores del libro del mismo t\u00edtulo.<\/p>\n\n\n\n<p>D\u00eda 24 &#8211; Muestra de estilos de jota cantada a cargo de la Rondalla Veteranos de Bin\u00e9far.<\/p>\n\n\n\n<p>D\u00eda 6 de febrero &#8211; Conferencia a cargo de Don Inocencio Arias Llamas, diplom\u00e1tico y exembajador de Espa\u00f1a ante Naciones Unidas con el tema: \u201cLos presidentes y la diplomacia, un recorrido por la pol\u00edtica exterior\u201d.<\/p>\n","protected":false},"excerpt":{"rendered":"<p>D\u00eda 19 &#8211; Los ni\u00f1os de la escuela de Azanuy pondr\u00e1n en escena \u201cEl musical del rey le\u00f3n\u201d. Despu\u00e9s interpretar\u00e1n con la flauta diversas canciones, dirigidos por los profesores D\u00aa Patricia Mart\u00ednez, D\u00aa Mar\u00eda \u00c1ngeles Mur y Don Carlos Ric. D\u00eda 20 &#8211; Conferencia a cargo de Don Victor Miguel Mur Barbastro, licenciado en filolog\u00eda [&hellip;]<\/p>\n","protected":false},"author":1,"featured_media":0,"comment_status":"closed","ping_status":"open","sticky":false,"template":"templates\/template-full-width.php","format":"standard","meta":{"footnotes":""},"categories":[1],"tags":[],"class_list":["post-154","post","type-post","status-publish","format-standard","hentry","category-semana-cultural"],"_links":{"self":[{"href":"https:\/\/www.azanuy.com\/wordpress\/wp-json\/wp\/v2\/posts\/154","targetHints":{"allow":["GET"]}}],"collection":[{"href":"https:\/\/www.azanuy.com\/wordpress\/wp-json\/wp\/v2\/posts"}],"about":[{"href":"https:\/\/www.azanuy.com\/wordpress\/wp-json\/wp\/v2\/types\/post"}],"author":[{"embeddable":true,"href":"https:\/\/www.azanuy.com\/wordpress\/wp-json\/wp\/v2\/users\/1"}],"replies":[{"embeddable":true,"href":"https:\/\/www.azanuy.com\/wordpress\/wp-json\/wp\/v2\/comments?post=154"}],"version-history":[{"count":1,"href":"https:\/\/www.azanuy.com\/wordpress\/wp-json\/wp\/v2\/posts\/154\/revisions"}],"predecessor-version":[{"id":155,"href":"https:\/\/www.azanuy.com\/wordpress\/wp-json\/wp\/v2\/posts\/154\/revisions\/155"}],"wp:attachment":[{"href":"https:\/\/www.azanuy.com\/wordpress\/wp-json\/wp\/v2\/media?parent=154"}],"wp:term":[{"taxonomy":"category","embeddable":true,"href":"https:\/\/www.azanuy.com\/wordpress\/wp-json\/wp\/v2\/categories?post=154"},{"taxonomy":"post_tag","embeddable":true,"href":"https:\/\/www.azanuy.com\/wordpress\/wp-json\/wp\/v2\/tags?post=154"}],"curies":[{"name":"wp","href":"https:\/\/api.w.org\/{rel}","templated":true}]}}