{"id":152,"date":"2021-01-04T13:05:20","date_gmt":"2021-01-04T12:05:20","guid":{"rendered":"https:\/\/www.azanuy.com\/wordpress\/?p=152"},"modified":"2021-01-04T13:09:02","modified_gmt":"2021-01-04T12:09:02","slug":"2014-xxxv-semana-cultural","status":"publish","type":"post","link":"https:\/\/www.azanuy.com\/wordpress\/2014-xxxv-semana-cultural\/","title":{"rendered":"2014 &#8211; XXXV Semana Cultural"},"content":{"rendered":"\n<p>D\u00eda 18 &#8211; Conferencia a cargo de D. Abel Ajates Consul, licenciado en historia por la Universidad de Zaragoza y en Antropolog\u00eda por la U.N.E.D., D. Pol Castej\u00f3n Vidal, licenciado en historia por la Universidad de Barcelona y D\u00f1a. Susana Catal\u00e1n Garzar\u00e1n, licenciada en historia por la Universidad de Zaragoza con el tema \u00abIntroducci\u00f3n a la metodolog\u00eda arqueol\u00f3gica. El pasado de Azanuy y su zona\u00bb<\/p>\n\n\n\n<p>D\u00eda 20 &#8211; Representaci\u00f3n teatral a cargo de los ni\u00f1os de la escuela. Pondr\u00e1n en escena las obras \u201cEl poder de la imaginaci\u00f3n\u201d y \u201cEl caf\u00e9 de la vida\u201d. Dirigidos por las profesoras Silvia Calvo y Raquel Valero.<\/p>\n\n\n\n<p>D\u00eda 21 &#8211; Conferencia coloquio con el tema \u201cEl mundo de los c\u00f3cteles y combinados\u201d a cargo de D. Jos\u00e9 Luis Samitier Blanc, porfesor de la escuela de hosteler\u00eda de Guayente y ganador del concurso \u201cBacardi-Martini Grand Prix\u201d. Ser\u00e1 acompa\u00f1ado por un alumno de la escuela hostelera.<\/p>\n\n\n\n<p>D\u00eda 22 &#8211; Conferencia con el tema \u201c La reforma de la P.A.C. Situaci\u00f3n actual.\u201d A cargo de D. Jos\u00e9 Manuel Penella, secretario general de UAGA-COAG y de D. Angel Samper, Secretario general de ASAJA.<\/p>\n\n\n\n<p>D\u00eda 23 &#8211; Conferencia con proyecci\u00f3n a cargo de D. Jos\u00e9 Antonio Adell y D. Celedonio Garc\u00eda con el tema: \u201cHistorias y an\u00e9cdotas de nuestros pueblos\u201d.<\/p>\n\n\n\n<p>D\u00eda 24 &#8211; Conferencia coloquio con el tema \u201cAgua y energ\u00eda\u201d a cargo de D. Xavier de Pedro Bonet, presidente de la Confederaci\u00f3n Hidrogr\u00e1fica del Ebro.<\/p>\n\n\n\n<p>D\u00eda 25 &#8211; Concierto de Ensemble XXI dirigido por D. Jos\u00e9 Antonio Chic.<\/p>\n","protected":false},"excerpt":{"rendered":"<p>D\u00eda 18 &#8211; Conferencia a cargo de D. Abel Ajates Consul, licenciado en historia por la Universidad de Zaragoza y en Antropolog\u00eda por la U.N.E.D., D. Pol Castej\u00f3n Vidal, licenciado en historia por la Universidad de Barcelona y D\u00f1a. Susana Catal\u00e1n Garzar\u00e1n, licenciada en historia por la Universidad de Zaragoza con el tema \u00abIntroducci\u00f3n a [&hellip;]<\/p>\n","protected":false},"author":1,"featured_media":0,"comment_status":"closed","ping_status":"open","sticky":false,"template":"templates\/template-full-width.php","format":"standard","meta":{"footnotes":""},"categories":[1],"tags":[],"class_list":["post-152","post","type-post","status-publish","format-standard","hentry","category-semana-cultural"],"_links":{"self":[{"href":"https:\/\/www.azanuy.com\/wordpress\/wp-json\/wp\/v2\/posts\/152","targetHints":{"allow":["GET"]}}],"collection":[{"href":"https:\/\/www.azanuy.com\/wordpress\/wp-json\/wp\/v2\/posts"}],"about":[{"href":"https:\/\/www.azanuy.com\/wordpress\/wp-json\/wp\/v2\/types\/post"}],"author":[{"embeddable":true,"href":"https:\/\/www.azanuy.com\/wordpress\/wp-json\/wp\/v2\/users\/1"}],"replies":[{"embeddable":true,"href":"https:\/\/www.azanuy.com\/wordpress\/wp-json\/wp\/v2\/comments?post=152"}],"version-history":[{"count":1,"href":"https:\/\/www.azanuy.com\/wordpress\/wp-json\/wp\/v2\/posts\/152\/revisions"}],"predecessor-version":[{"id":153,"href":"https:\/\/www.azanuy.com\/wordpress\/wp-json\/wp\/v2\/posts\/152\/revisions\/153"}],"wp:attachment":[{"href":"https:\/\/www.azanuy.com\/wordpress\/wp-json\/wp\/v2\/media?parent=152"}],"wp:term":[{"taxonomy":"category","embeddable":true,"href":"https:\/\/www.azanuy.com\/wordpress\/wp-json\/wp\/v2\/categories?post=152"},{"taxonomy":"post_tag","embeddable":true,"href":"https:\/\/www.azanuy.com\/wordpress\/wp-json\/wp\/v2\/tags?post=152"}],"curies":[{"name":"wp","href":"https:\/\/api.w.org\/{rel}","templated":true}]}}