{"id":150,"date":"2021-01-04T13:04:44","date_gmt":"2021-01-04T12:04:44","guid":{"rendered":"https:\/\/www.azanuy.com\/wordpress\/?p=150"},"modified":"2021-01-04T13:09:02","modified_gmt":"2021-01-04T12:09:02","slug":"2013-xxxiv-semana-cultural","status":"publish","type":"post","link":"https:\/\/www.azanuy.com\/wordpress\/2013-xxxiv-semana-cultural\/","title":{"rendered":"2013 &#8211; XXXIV Semana Cultural"},"content":{"rendered":"\n<p>D\u00eda 14 &#8211; Conferencia con el tema \u00abHablemos del tiempo sin perderlo\u00bb, a cargo de D\u00aa Silvia Laplana Naval, diplomada en \u00f3ptica y optometr\u00eda, master en meteorolog\u00eda y presentadora del tiempo de Arag\u00f3n Televisi\u00f3n.<\/p>\n\n\n\n<p>D\u00eda 15 &#8211; Representaci\u00f3n teatral a cargo de los ni\u00f1os de la escuela con las obras \u00abEn el circo\u00bb y \u00abLio de cuentos\u00bb dirigidos por la profesora D\u00aa Olga Guiral Hernandez. Tambi\u00e9n cantar\u00e1n, recitar\u00e1n poes\u00edas, contar\u00e1n chistes y bailar\u00e1n.<\/p>\n\n\n\n<p>D\u00eda 16 &#8211; Conferencia con el tema \u00abLa vida en la alta monta\u00f1a de Huesca, fin de una \u00e9poca\u00bb a cargo de D. Juan Jos\u00e9 Guill\u00e9n, profesor jubilado de lengua y literatura espa\u00f1ola en la universidad de California, catedr\u00e1tico de ingl\u00e9s en institutos de ense\u00f1anza secundaria y profesor asociado de ingl\u00e9s en la Universidad de Zaragoza.<\/p>\n\n\n\n<p>D\u00eda 17 &#8211; Conferencia con el tema \u00abV\u00edas de soluci\u00f3n a la crisis europea\u00bb a cargo del Dr D. Antonio Blanc Altemir, catedr\u00e1tico de derecho internacional p\u00fablico y relaciones internacionales de la Universidad de Lleida y catedr\u00e1tico Jean Monnet de la Uni\u00f3n Europea.<\/p>\n\n\n\n<p>D\u00eda 18 &#8211; Conferencia con el tema \u00abLa cer\u00e1mica desde el Neol\u00edtico hasta Roma\u00bb a cargo de D. Paco Garreta Larroy, profesor jubilado de Geograf\u00eda e Historia del IES Sierra de San Quilez de Binefar.<\/p>\n\n\n\n<p>D\u00eda 19 &#8211; Actuaci\u00f3n de los Rondadores de Pueyo.<\/p>\n\n\n\n<p>D\u00eda 20 &#8211; Procesi\u00f3n y presentaci\u00f3n del CD \u00abY por la noche salgo yo\u00bb de Helveticos Show.<\/p>\n","protected":false},"excerpt":{"rendered":"<p>D\u00eda 14 &#8211; Conferencia con el tema \u00abHablemos del tiempo sin perderlo\u00bb, a cargo de D\u00aa Silvia Laplana Naval, diplomada en \u00f3ptica y optometr\u00eda, master en meteorolog\u00eda y presentadora del tiempo de Arag\u00f3n Televisi\u00f3n. D\u00eda 15 &#8211; Representaci\u00f3n teatral a cargo de los ni\u00f1os de la escuela con las obras \u00abEn el circo\u00bb y \u00abLio [&hellip;]<\/p>\n","protected":false},"author":1,"featured_media":0,"comment_status":"closed","ping_status":"open","sticky":false,"template":"templates\/template-full-width.php","format":"standard","meta":{"footnotes":""},"categories":[1],"tags":[],"class_list":["post-150","post","type-post","status-publish","format-standard","hentry","category-semana-cultural"],"_links":{"self":[{"href":"https:\/\/www.azanuy.com\/wordpress\/wp-json\/wp\/v2\/posts\/150","targetHints":{"allow":["GET"]}}],"collection":[{"href":"https:\/\/www.azanuy.com\/wordpress\/wp-json\/wp\/v2\/posts"}],"about":[{"href":"https:\/\/www.azanuy.com\/wordpress\/wp-json\/wp\/v2\/types\/post"}],"author":[{"embeddable":true,"href":"https:\/\/www.azanuy.com\/wordpress\/wp-json\/wp\/v2\/users\/1"}],"replies":[{"embeddable":true,"href":"https:\/\/www.azanuy.com\/wordpress\/wp-json\/wp\/v2\/comments?post=150"}],"version-history":[{"count":1,"href":"https:\/\/www.azanuy.com\/wordpress\/wp-json\/wp\/v2\/posts\/150\/revisions"}],"predecessor-version":[{"id":151,"href":"https:\/\/www.azanuy.com\/wordpress\/wp-json\/wp\/v2\/posts\/150\/revisions\/151"}],"wp:attachment":[{"href":"https:\/\/www.azanuy.com\/wordpress\/wp-json\/wp\/v2\/media?parent=150"}],"wp:term":[{"taxonomy":"category","embeddable":true,"href":"https:\/\/www.azanuy.com\/wordpress\/wp-json\/wp\/v2\/categories?post=150"},{"taxonomy":"post_tag","embeddable":true,"href":"https:\/\/www.azanuy.com\/wordpress\/wp-json\/wp\/v2\/tags?post=150"}],"curies":[{"name":"wp","href":"https:\/\/api.w.org\/{rel}","templated":true}]}}