{"id":148,"date":"2021-01-04T13:04:19","date_gmt":"2021-01-04T12:04:19","guid":{"rendered":"https:\/\/www.azanuy.com\/wordpress\/?p=148"},"modified":"2021-01-04T13:09:02","modified_gmt":"2021-01-04T12:09:02","slug":"2012-xxxiii-semana-cultural","status":"publish","type":"post","link":"https:\/\/www.azanuy.com\/wordpress\/2012-xxxiii-semana-cultural\/","title":{"rendered":"2012 &#8211; XXXIII Semana Cultural"},"content":{"rendered":"\n<p>D\u00eda 16 &#8211; Representaci\u00f3n teatral por los ni\u00f1os de la escuela con la obra \u00abTom\u00e1s y los bandoleros\u00bb dirigidos por la profesora Silvia Calvo Chauvell.<\/p>\n\n\n\n<p>D\u00eda 17 &#8211; Conferencia a cargo de D. Ram\u00f3n Auset Abad, autor del libro \u00abLa nurser\u00eda Auset\u00bb con el tema \u00abLas abejas y los beneficios al medio ambiente y a la humanidad\u00bb.<\/p>\n\n\n\n<p>D\u00eda 18 &#8211; Charla-coloquio sobre la reforma de la PAC, intenciones de la Uni\u00f3n Europea. Participar\u00e1n D. \u00c1ngel Samper Secorum, secretario general de ASAJA Arag\u00f3n y de D. David Solano Rubiella, secretario provincial de UAGA Huesca.<\/p>\n\n\n\n<p>D\u00eda 19 &#8211; Charla-coloquio sobre \u00abEL charr\u00e1 de Azanuy y Al\u00edns del Monte\u00bb participar\u00e1n D. H\u00e9ctor Castro Ari\u00f1o, licenciado en filolog\u00eda rom\u00e1nica y periodismo, profesor de Lengua espa\u00f1ola y comunicaci\u00f3n pol\u00edtica y D. Javier Giralt Latorre, profesor titular de filolog\u00eda catalana de la Universidad de Zaragoza, autor de distintos trabajos sobre la toponom\u00eda y hablas de La Litera. El coloquio estar\u00e1 moderado por D. Enrique Blanc Marqu\u00e9s, alcalde de Azanuy-Al\u00edns.<\/p>\n\n\n\n<p>D\u00eda 20 &#8211; Conferencia con el tema \u00abLa educaci\u00f3n de ayer y de hoy\u00bb a cargo de D. Jos\u00e9 Mar\u00eda Panad\u00e9s Maisanava, ingeniero industrial y profesor de formaci\u00f3n profesional del Colegio \u00abLa Salle\u00bb de Barcelona.<\/p>\n\n\n\n<p>D\u00eda 21 &#8211; Representaci\u00f3n teatral a cargo del grupo \u00abRebullizio\u00bb del Colegio Salesianos de Monz\u00f3n que interpretar\u00e1n la obra \u00abNo hay ladr\u00f3n que por bien no venga\u00bb.<\/p>\n","protected":false},"excerpt":{"rendered":"<p>D\u00eda 16 &#8211; Representaci\u00f3n teatral por los ni\u00f1os de la escuela con la obra \u00abTom\u00e1s y los bandoleros\u00bb dirigidos por la profesora Silvia Calvo Chauvell. D\u00eda 17 &#8211; Conferencia a cargo de D. Ram\u00f3n Auset Abad, autor del libro \u00abLa nurser\u00eda Auset\u00bb con el tema \u00abLas abejas y los beneficios al medio ambiente y a [&hellip;]<\/p>\n","protected":false},"author":1,"featured_media":0,"comment_status":"closed","ping_status":"open","sticky":false,"template":"templates\/template-full-width.php","format":"standard","meta":{"footnotes":""},"categories":[1],"tags":[],"class_list":["post-148","post","type-post","status-publish","format-standard","hentry","category-semana-cultural"],"_links":{"self":[{"href":"https:\/\/www.azanuy.com\/wordpress\/wp-json\/wp\/v2\/posts\/148","targetHints":{"allow":["GET"]}}],"collection":[{"href":"https:\/\/www.azanuy.com\/wordpress\/wp-json\/wp\/v2\/posts"}],"about":[{"href":"https:\/\/www.azanuy.com\/wordpress\/wp-json\/wp\/v2\/types\/post"}],"author":[{"embeddable":true,"href":"https:\/\/www.azanuy.com\/wordpress\/wp-json\/wp\/v2\/users\/1"}],"replies":[{"embeddable":true,"href":"https:\/\/www.azanuy.com\/wordpress\/wp-json\/wp\/v2\/comments?post=148"}],"version-history":[{"count":1,"href":"https:\/\/www.azanuy.com\/wordpress\/wp-json\/wp\/v2\/posts\/148\/revisions"}],"predecessor-version":[{"id":149,"href":"https:\/\/www.azanuy.com\/wordpress\/wp-json\/wp\/v2\/posts\/148\/revisions\/149"}],"wp:attachment":[{"href":"https:\/\/www.azanuy.com\/wordpress\/wp-json\/wp\/v2\/media?parent=148"}],"wp:term":[{"taxonomy":"category","embeddable":true,"href":"https:\/\/www.azanuy.com\/wordpress\/wp-json\/wp\/v2\/categories?post=148"},{"taxonomy":"post_tag","embeddable":true,"href":"https:\/\/www.azanuy.com\/wordpress\/wp-json\/wp\/v2\/tags?post=148"}],"curies":[{"name":"wp","href":"https:\/\/api.w.org\/{rel}","templated":true}]}}