{"id":146,"date":"2021-01-04T13:03:56","date_gmt":"2021-01-04T12:03:56","guid":{"rendered":"https:\/\/www.azanuy.com\/wordpress\/?p=146"},"modified":"2021-01-04T13:09:02","modified_gmt":"2021-01-04T12:09:02","slug":"2011-xxxii-semana-cultural","status":"publish","type":"post","link":"https:\/\/www.azanuy.com\/wordpress\/2011-xxxii-semana-cultural\/","title":{"rendered":"2011 &#8211; XXXII Semana Cultural"},"content":{"rendered":"\n<p>D\u00eda 17 &#8211; Representaci\u00f3n teatral por los ni\u00f1os de la escuela con la obra \u00abLos m\u00fasicos de Bremen\u00bb dirigidos por la profesora Silvia Calvo Chauvell.<\/p>\n\n\n\n<p>D\u00eda 18 &#8211; Conferencia sobre \u00abLa gaita de boto en Arag\u00f3n\u00bb a cargo de D. Rafael Salas Ausens, especial\u00edsta en instrumentos tradicionales.<\/p>\n\n\n\n<p>D\u00eda 19 &#8211; Conferencia a cargo de D. Pedro Mart\u00edn Mart\u00ednez, psic\u00f3logo profesor de psicolog\u00eda de la UNED de Barbastro, sobre \u00abEl estr\u00e9s y su relaci\u00f3n con la salud\u00bb.<\/p>\n\n\n\n<p>D\u00eda 20 &#8211; Conferencia a cargo de D. Jos\u00e9 Mar\u00eda Jimenez Jimenez, director general de Multicaja que tratar\u00e1 sobre \u00abLa situaci\u00f3n actual y perspectiva del sistema financiero espa\u00f1ol\u00bb<\/p>\n\n\n\n<p>D\u00eda 21 &#8211; Charla-coloquio con el tema \u00abRealidad y ficci\u00f3n de los criminal\u00edstas y cient\u00edficos forenses en la escena del crimen\u00bb a cargo de D. Mariano Bad\u00eda Buil, detective privado, criminal\u00edsta forense y escritor, que presentar\u00e1 su libro \u00abPsicosis en Torreciudad\u00bb<\/p>\n\n\n\n<p>D\u00eda 22 &#8211; Pasacalles a cargo de \u00abLos gaiteros de Benabarri\u00bb. Actuaci\u00f3n de la escuela de danza y folclore \u00abSalvador Fierro\u00bb de Barbastro.<\/p>\n\n\n\n<p>D\u00eda 31 &#8211; Conferencia a cargo de D. Rogelio Silva Gayoso, consejero de pol\u00edtica territorial, justicia e interior del Gobierno de Arag\u00f3n con el tema \u00abCohesi\u00f3n territorial en Arag\u00f3n\u00bb.<\/p>\n","protected":false},"excerpt":{"rendered":"<p>D\u00eda 17 &#8211; Representaci\u00f3n teatral por los ni\u00f1os de la escuela con la obra \u00abLos m\u00fasicos de Bremen\u00bb dirigidos por la profesora Silvia Calvo Chauvell. D\u00eda 18 &#8211; Conferencia sobre \u00abLa gaita de boto en Arag\u00f3n\u00bb a cargo de D. Rafael Salas Ausens, especial\u00edsta en instrumentos tradicionales. D\u00eda 19 &#8211; Conferencia a cargo de D. [&hellip;]<\/p>\n","protected":false},"author":1,"featured_media":0,"comment_status":"closed","ping_status":"open","sticky":false,"template":"templates\/template-full-width.php","format":"standard","meta":{"footnotes":""},"categories":[1],"tags":[],"class_list":["post-146","post","type-post","status-publish","format-standard","hentry","category-semana-cultural"],"_links":{"self":[{"href":"https:\/\/www.azanuy.com\/wordpress\/wp-json\/wp\/v2\/posts\/146","targetHints":{"allow":["GET"]}}],"collection":[{"href":"https:\/\/www.azanuy.com\/wordpress\/wp-json\/wp\/v2\/posts"}],"about":[{"href":"https:\/\/www.azanuy.com\/wordpress\/wp-json\/wp\/v2\/types\/post"}],"author":[{"embeddable":true,"href":"https:\/\/www.azanuy.com\/wordpress\/wp-json\/wp\/v2\/users\/1"}],"replies":[{"embeddable":true,"href":"https:\/\/www.azanuy.com\/wordpress\/wp-json\/wp\/v2\/comments?post=146"}],"version-history":[{"count":1,"href":"https:\/\/www.azanuy.com\/wordpress\/wp-json\/wp\/v2\/posts\/146\/revisions"}],"predecessor-version":[{"id":147,"href":"https:\/\/www.azanuy.com\/wordpress\/wp-json\/wp\/v2\/posts\/146\/revisions\/147"}],"wp:attachment":[{"href":"https:\/\/www.azanuy.com\/wordpress\/wp-json\/wp\/v2\/media?parent=146"}],"wp:term":[{"taxonomy":"category","embeddable":true,"href":"https:\/\/www.azanuy.com\/wordpress\/wp-json\/wp\/v2\/categories?post=146"},{"taxonomy":"post_tag","embeddable":true,"href":"https:\/\/www.azanuy.com\/wordpress\/wp-json\/wp\/v2\/tags?post=146"}],"curies":[{"name":"wp","href":"https:\/\/api.w.org\/{rel}","templated":true}]}}