{"id":144,"date":"2021-01-04T13:03:34","date_gmt":"2021-01-04T12:03:34","guid":{"rendered":"https:\/\/www.azanuy.com\/wordpress\/?p=144"},"modified":"2021-01-04T13:09:02","modified_gmt":"2021-01-04T12:09:02","slug":"2010-xxxi-semana-cultural","status":"publish","type":"post","link":"https:\/\/www.azanuy.com\/wordpress\/2010-xxxi-semana-cultural\/","title":{"rendered":"2010 &#8211; XXXI Semana Cultural"},"content":{"rendered":"\n<p>D\u00eda 18 &#8211; Representaci\u00f3n teatral por los ni\u00f1os de la escuela con la obra \u00abEl traje nuevo del emperador\u00bb dirigidos por la profesora Silvia Calvo Chauvell.<\/p>\n\n\n\n<p>D\u00eda 19 &#8211; Conferencia a cargo de D. Arturo Aliaga L\u00f3pez, Consejero de Industria, Comercio y Turismo del Gobierno de Arag\u00f3n con el tema \u00abPresente y futuro de la energ\u00eda en Arag\u00f3n\u00bb.<\/p>\n\n\n\n<p>D\u00eda 20 &#8211; Mesa Redonda Conmemorativa del XXV Aniversario del Centro de Profesores y Recursos de Monz\u00f3n con el tema \u00abLa comunidad educativa en la escuela rural\u00bb. Intervendr\u00e1n Guillermo Iturbe Polo, director provincial de Educaci\u00f3n, Cultura y Deporte. D. Juan Ram\u00f3n Puertolas Bernad, director del Colegio Rural Agrupado Estadilla-Fonz, D. Jes\u00fas Vi\u00f1uales Borau, Profesor del Instituto Ram\u00f3n y Cajal de Huesca y D. Sebasti\u00e1n Avellana R\u00e1miz, t\u00e9cnico de sistemas inform\u00e1ticos del Centro de Profesores y Recursos de Monz\u00f3n. Estar\u00e1 moderado por D\u00aa. Olga Asensio Puyalto, asesora del centro de profesores y recursos de Monz\u00f3n.<\/p>\n\n\n\n<p>D\u00eda 21 &#8211; Mesa redonda con el tema \u00abSituaci\u00f3n actual de la agricultura y la ganader\u00eda\u00bb. Intervendr\u00e1n D. Carlos Ferrer Arasanz, secretario regional de ASAJA, D. David Solano Rubiella, secretario provincial de UAGA y estar\u00e1 moderado por D. Paco Aznar Magdaleno, director de la revista \u00abSomos Litera\u00bb.<\/p>\n\n\n\n<p>D\u00eda 22 &#8211; Presentaci\u00f3n del espect\u00e1culo de humor \u00abHistorias de una laringe\u00bb a cargo de Josan Bailac.<\/p>\n\n\n\n<p>D\u00eda 23 &#8211; Concierto de m\u00fasica con la actuaci\u00f3n del grupo \u00abLos Lambre\u00f1os\u00bb<\/p>\n","protected":false},"excerpt":{"rendered":"<p>D\u00eda 18 &#8211; Representaci\u00f3n teatral por los ni\u00f1os de la escuela con la obra \u00abEl traje nuevo del emperador\u00bb dirigidos por la profesora Silvia Calvo Chauvell. D\u00eda 19 &#8211; Conferencia a cargo de D. Arturo Aliaga L\u00f3pez, Consejero de Industria, Comercio y Turismo del Gobierno de Arag\u00f3n con el tema \u00abPresente y futuro de la [&hellip;]<\/p>\n","protected":false},"author":1,"featured_media":0,"comment_status":"closed","ping_status":"open","sticky":false,"template":"templates\/template-full-width.php","format":"standard","meta":{"footnotes":""},"categories":[1],"tags":[],"class_list":["post-144","post","type-post","status-publish","format-standard","hentry","category-semana-cultural"],"_links":{"self":[{"href":"https:\/\/www.azanuy.com\/wordpress\/wp-json\/wp\/v2\/posts\/144","targetHints":{"allow":["GET"]}}],"collection":[{"href":"https:\/\/www.azanuy.com\/wordpress\/wp-json\/wp\/v2\/posts"}],"about":[{"href":"https:\/\/www.azanuy.com\/wordpress\/wp-json\/wp\/v2\/types\/post"}],"author":[{"embeddable":true,"href":"https:\/\/www.azanuy.com\/wordpress\/wp-json\/wp\/v2\/users\/1"}],"replies":[{"embeddable":true,"href":"https:\/\/www.azanuy.com\/wordpress\/wp-json\/wp\/v2\/comments?post=144"}],"version-history":[{"count":1,"href":"https:\/\/www.azanuy.com\/wordpress\/wp-json\/wp\/v2\/posts\/144\/revisions"}],"predecessor-version":[{"id":145,"href":"https:\/\/www.azanuy.com\/wordpress\/wp-json\/wp\/v2\/posts\/144\/revisions\/145"}],"wp:attachment":[{"href":"https:\/\/www.azanuy.com\/wordpress\/wp-json\/wp\/v2\/media?parent=144"}],"wp:term":[{"taxonomy":"category","embeddable":true,"href":"https:\/\/www.azanuy.com\/wordpress\/wp-json\/wp\/v2\/categories?post=144"},{"taxonomy":"post_tag","embeddable":true,"href":"https:\/\/www.azanuy.com\/wordpress\/wp-json\/wp\/v2\/tags?post=144"}],"curies":[{"name":"wp","href":"https:\/\/api.w.org\/{rel}","templated":true}]}}