{"id":142,"date":"2021-01-04T13:03:00","date_gmt":"2021-01-04T12:03:00","guid":{"rendered":"https:\/\/www.azanuy.com\/wordpress\/?p=142"},"modified":"2021-01-04T13:09:02","modified_gmt":"2021-01-04T12:09:02","slug":"2009-xxx-semana-cultural","status":"publish","type":"post","link":"https:\/\/www.azanuy.com\/wordpress\/2009-xxx-semana-cultural\/","title":{"rendered":"2009 &#8211; XXX Semana Cultural"},"content":{"rendered":"\n<p>D\u00eda 19 &#8211; Teatro a cargo de los ni\u00f1os de la escuela con la obra \u00abBlancanieves y los tres enanitos\u00bb dirigidos por la profesora D\u00aa Silvia Calvo Chauvell.<\/p>\n\n\n\n<p>D\u00eda 20 &#8211; Conferencia a cargo del Doctor Juan Antonio Cobo Plana, director del Instituto de Medicina Legal de Arag\u00f3n con el tema \u00abDiferentes caras de la medicina legal\u00bb<\/p>\n\n\n\n<p>D\u00eda 21 &#8211; Conferencia a cargo de D\u00aa Lourdes Rubio S\u00e1nchez, directora general de Administraci\u00f3n Local del Departamento de pol\u00edtica territorial, justicia e interior del Gobierno de Arag\u00f3n con el tema \u00ab\u00bfQu\u00e9 es el plan localidad?\u00bb<\/p>\n\n\n\n<p>D\u00eda 22 &#8211; Mesa redonda con el tema \u00abLa crisis econ\u00f3mica, antecedentes y perspectiva de futuro\u00bb. Intervendr\u00e1n D. Antonio Emb\u00edd Mia\u00f1a, presidente del Colegio de Titulados mercantiles y empresariales de Arag\u00f3n, D. Manuel Rodr\u00edguez Chesa, presidente de la c\u00e1mara de comercio de Huesca,<\/p>\n\n\n\n<p>D\u00eda 23 &#8211; Representaci\u00f3n del grupo \u00abRebullicio\u00bb de Salesianos de Monz\u00f3n que pondr\u00e1n en escena la obra \u00abEnciclopedia de p\u00edcaros\u00bb<\/p>\n\n\n\n<p>D\u00eda 24 &#8211; Concierto con la \u00abBig-band\u00bb de la Escuela de M\u00fasica de Bin\u00e9far.<\/p>\n","protected":false},"excerpt":{"rendered":"<p>D\u00eda 19 &#8211; Teatro a cargo de los ni\u00f1os de la escuela con la obra \u00abBlancanieves y los tres enanitos\u00bb dirigidos por la profesora D\u00aa Silvia Calvo Chauvell. D\u00eda 20 &#8211; Conferencia a cargo del Doctor Juan Antonio Cobo Plana, director del Instituto de Medicina Legal de Arag\u00f3n con el tema \u00abDiferentes caras de la [&hellip;]<\/p>\n","protected":false},"author":1,"featured_media":0,"comment_status":"closed","ping_status":"open","sticky":false,"template":"templates\/template-full-width.php","format":"standard","meta":{"footnotes":""},"categories":[1],"tags":[],"class_list":["post-142","post","type-post","status-publish","format-standard","hentry","category-semana-cultural"],"_links":{"self":[{"href":"https:\/\/www.azanuy.com\/wordpress\/wp-json\/wp\/v2\/posts\/142","targetHints":{"allow":["GET"]}}],"collection":[{"href":"https:\/\/www.azanuy.com\/wordpress\/wp-json\/wp\/v2\/posts"}],"about":[{"href":"https:\/\/www.azanuy.com\/wordpress\/wp-json\/wp\/v2\/types\/post"}],"author":[{"embeddable":true,"href":"https:\/\/www.azanuy.com\/wordpress\/wp-json\/wp\/v2\/users\/1"}],"replies":[{"embeddable":true,"href":"https:\/\/www.azanuy.com\/wordpress\/wp-json\/wp\/v2\/comments?post=142"}],"version-history":[{"count":1,"href":"https:\/\/www.azanuy.com\/wordpress\/wp-json\/wp\/v2\/posts\/142\/revisions"}],"predecessor-version":[{"id":143,"href":"https:\/\/www.azanuy.com\/wordpress\/wp-json\/wp\/v2\/posts\/142\/revisions\/143"}],"wp:attachment":[{"href":"https:\/\/www.azanuy.com\/wordpress\/wp-json\/wp\/v2\/media?parent=142"}],"wp:term":[{"taxonomy":"category","embeddable":true,"href":"https:\/\/www.azanuy.com\/wordpress\/wp-json\/wp\/v2\/categories?post=142"},{"taxonomy":"post_tag","embeddable":true,"href":"https:\/\/www.azanuy.com\/wordpress\/wp-json\/wp\/v2\/tags?post=142"}],"curies":[{"name":"wp","href":"https:\/\/api.w.org\/{rel}","templated":true}]}}