{"id":138,"date":"2021-01-04T13:02:07","date_gmt":"2021-01-04T12:02:07","guid":{"rendered":"https:\/\/www.azanuy.com\/wordpress\/?p=138"},"modified":"2021-01-04T13:09:02","modified_gmt":"2021-01-04T12:09:02","slug":"2007-xxviii-semana-cultural","status":"publish","type":"post","link":"https:\/\/www.azanuy.com\/wordpress\/2007-xxviii-semana-cultural\/","title":{"rendered":"2007 &#8211; XXVIII Semana Cultural"},"content":{"rendered":"\n<p>D\u00eda 20 &#8211; Misa y procesi\u00f3n en honor a nuestro patr\u00f3n San Sebasti\u00e1n. La parte musical de la misa ser\u00e1 interpretada por la \u00abAgrupaci\u00f3n Floklorica Santa Cecilia de Huesca\u00bb y la procesi\u00f3n ir\u00e1 acompa\u00f1ada a cargo de la Charanga Festival.<\/p>\n\n\n\n<p>D\u00eda 21 &#8211; Charla-coloquio con el tema \u00abHablemos de setas\u00bb por Don Juan Jos\u00e9 Basols y varios representantes del grupo micol\u00f3gico de Bin\u00e9far.<\/p>\n\n\n\n<p>D\u00eda 22 &#8211; Teatro a cargo de los ni\u00f1os de la escuela con la obra \u00abDo\u00f1a Contaminaci\u00f3n y Don Verde\u00bb dirigidos por la profesora M\u00aa Paz Larrosa Mur.<\/p>\n\n\n\n<p>D\u00eda 23 &#8211; Conferencia a cargo de D. Ram\u00f3n Javier Campo Fraile, periodista del Heraldo de Arag\u00f3n con el tema \u00abCanfranc, la estaci\u00f3n esp\u00eda\u00bb<\/p>\n\n\n\n<p>D\u00eda 24 &#8211; Mesa redonda con el tema \u00abLa Ley de Dependencia y su aplicaci\u00f3n en Arag\u00f3n\u00bb con la presencia de D. Javier Callao, director gerente del I.A.S.S, D\u00aa Ana San Joaqu\u00edn, m\u00e9dico especialista en geriatr\u00eda, D\u00aa Alodia Abad trabajadora social, D\u00aa Mar\u00eda Goretti Lord\u00e1n enfermera de enlace del equipo de geriatr\u00eda del Hospital de Barbastro y D\u00aa Pilar Llanas, asistente social de la Comarca de La Litera. El moderador ser\u00e1 D. Jos\u00e9 Luis P\u00e9rez Albiac, m\u00e9dico de Azanuy.<\/p>\n\n\n\n<p>D\u00eda 25 &#8211; Charla con el tema \u00abImportancia y futuro de los biocarburantes\u00bb a cargo de D. Jos\u00e9 Ignacio Hern\u00e1ndez Mart\u00ednez, ingeniero industrial y jefe del servicio de energ\u00eda del departamento de industria del Gobierno de Arag\u00f3n.<\/p>\n\n\n\n<p>D\u00eda 26 &#8211; Conferencia a cargo de D. Adolfo Tobe\u00f1a Pallar\u00e9s, m\u00e9dico psiquiatra, catedr\u00e1tico de psiquiatr\u00eda de la Universidad de Barcelona con el tema \u00abEstr\u00e9s saludable, vidas agobiadas, largas y felices\u00bb.<\/p>\n\n\n\n<p>D\u00eda 27 &#8211; T\u00edteres de Marcos Pena, director del grupo \u00abTrapusteros teatro\u00bb de Quito. Concierto de m\u00fasica a capela con el grupo \u00abFusa\u00bb.<\/p>\n","protected":false},"excerpt":{"rendered":"<p>D\u00eda 20 &#8211; Misa y procesi\u00f3n en honor a nuestro patr\u00f3n San Sebasti\u00e1n. La parte musical de la misa ser\u00e1 interpretada por la \u00abAgrupaci\u00f3n Floklorica Santa Cecilia de Huesca\u00bb y la procesi\u00f3n ir\u00e1 acompa\u00f1ada a cargo de la Charanga Festival. D\u00eda 21 &#8211; Charla-coloquio con el tema \u00abHablemos de setas\u00bb por Don Juan Jos\u00e9 Basols [&hellip;]<\/p>\n","protected":false},"author":1,"featured_media":0,"comment_status":"closed","ping_status":"open","sticky":false,"template":"templates\/template-full-width.php","format":"standard","meta":{"footnotes":""},"categories":[1],"tags":[],"class_list":["post-138","post","type-post","status-publish","format-standard","hentry","category-semana-cultural"],"_links":{"self":[{"href":"https:\/\/www.azanuy.com\/wordpress\/wp-json\/wp\/v2\/posts\/138","targetHints":{"allow":["GET"]}}],"collection":[{"href":"https:\/\/www.azanuy.com\/wordpress\/wp-json\/wp\/v2\/posts"}],"about":[{"href":"https:\/\/www.azanuy.com\/wordpress\/wp-json\/wp\/v2\/types\/post"}],"author":[{"embeddable":true,"href":"https:\/\/www.azanuy.com\/wordpress\/wp-json\/wp\/v2\/users\/1"}],"replies":[{"embeddable":true,"href":"https:\/\/www.azanuy.com\/wordpress\/wp-json\/wp\/v2\/comments?post=138"}],"version-history":[{"count":1,"href":"https:\/\/www.azanuy.com\/wordpress\/wp-json\/wp\/v2\/posts\/138\/revisions"}],"predecessor-version":[{"id":139,"href":"https:\/\/www.azanuy.com\/wordpress\/wp-json\/wp\/v2\/posts\/138\/revisions\/139"}],"wp:attachment":[{"href":"https:\/\/www.azanuy.com\/wordpress\/wp-json\/wp\/v2\/media?parent=138"}],"wp:term":[{"taxonomy":"category","embeddable":true,"href":"https:\/\/www.azanuy.com\/wordpress\/wp-json\/wp\/v2\/categories?post=138"},{"taxonomy":"post_tag","embeddable":true,"href":"https:\/\/www.azanuy.com\/wordpress\/wp-json\/wp\/v2\/tags?post=138"}],"curies":[{"name":"wp","href":"https:\/\/api.w.org\/{rel}","templated":true}]}}