{"id":136,"date":"2021-01-04T13:01:34","date_gmt":"2021-01-04T12:01:34","guid":{"rendered":"https:\/\/www.azanuy.com\/wordpress\/?p=136"},"modified":"2021-01-04T13:09:02","modified_gmt":"2021-01-04T12:09:02","slug":"2006-xxvii-semana-cultural","status":"publish","type":"post","link":"https:\/\/www.azanuy.com\/wordpress\/2006-xxvii-semana-cultural\/","title":{"rendered":"2006 XXVII Semana Cultural"},"content":{"rendered":"\n<p>D\u00eda 16 &#8211; Conferencia inagural de la Semana Cultural a cargo del Exmo. Sr. D. Alfredo Bon\u00e9 Pueyo, consejero de Medio Ambiente del Gobierno de Arag\u00f3n que tratar\u00e1 sobre \u00abGesti\u00f3n del agua en Arag\u00f3n, presente y futuro\u00bb.<\/p>\n\n\n\n<p>D\u00eda 17 &#8211; Charla coloquio con el tema \u00abLos programas de donaci\u00f3n y transplante de organos en Espa\u00f1a\u00bb con la participaci\u00f3n de D\u00aa Raquel Pernaute, responsable del servicio de nefrolog\u00eda del hospital comarcal de Barbastro; y los doctores D. Ignacio Elorriaga y D. Javier Paul coordinadores de trasplantes del hospital Miguel Servet de Zaragoza. La presentaci\u00f3n del tema estar\u00e1 a cargo del doctor D. Gonzalo Nasarre, m\u00e9dico de familia de Azanuy.<\/p>\n\n\n\n<p>D\u00eda 18 &#8211; Representaci\u00f3n de teatro por los ni\u00f1os de la escuela con la obra: \u00abLocura en el quirofano\u00bb dirigidos por la profesora M\u00aa Jes\u00fas Atrian.<\/p>\n\n\n\n<p>D\u00eda 19 &#8211; Conferencia con el tema \u00abProblemas m\u00e1s frecuentes en la escuela de hoy\u00bb por D\u00aa Teresa Grasa y D. Antonio Franco del equipo psicopedag\u00f3gico de Monz\u00f3n.<\/p>\n\n\n\n<p>D\u00eda 20 &#8211; A las 12:00 misa y procesi\u00f3n en honor a nuestro patr\u00f3n San Sebasti\u00e1n. La misa ser\u00e1 cantada por \u00abLos m\u00fasicos\u00bb que interpretar\u00e1n la misa de Pio X acompa\u00f1ada de organo y viol\u00edn.<br>Presentaci\u00f3n del libro \u00abEn busca del agua\u00bb por sus autores D. Jos\u00e9 Antonio Adell y D. Celedonio Garc\u00eda.<\/p>\n\n\n\n<p>D\u00eda 21 &#8211; Concierto de acordeones con el grupo \u00abAcordation in modern\u00bb.<\/p>\n","protected":false},"excerpt":{"rendered":"<p>D\u00eda 16 &#8211; Conferencia inagural de la Semana Cultural a cargo del Exmo. Sr. D. Alfredo Bon\u00e9 Pueyo, consejero de Medio Ambiente del Gobierno de Arag\u00f3n que tratar\u00e1 sobre \u00abGesti\u00f3n del agua en Arag\u00f3n, presente y futuro\u00bb. D\u00eda 17 &#8211; Charla coloquio con el tema \u00abLos programas de donaci\u00f3n y transplante de organos en Espa\u00f1a\u00bb [&hellip;]<\/p>\n","protected":false},"author":1,"featured_media":0,"comment_status":"closed","ping_status":"open","sticky":false,"template":"templates\/template-full-width.php","format":"standard","meta":{"footnotes":""},"categories":[1],"tags":[],"class_list":["post-136","post","type-post","status-publish","format-standard","hentry","category-semana-cultural"],"_links":{"self":[{"href":"https:\/\/www.azanuy.com\/wordpress\/wp-json\/wp\/v2\/posts\/136","targetHints":{"allow":["GET"]}}],"collection":[{"href":"https:\/\/www.azanuy.com\/wordpress\/wp-json\/wp\/v2\/posts"}],"about":[{"href":"https:\/\/www.azanuy.com\/wordpress\/wp-json\/wp\/v2\/types\/post"}],"author":[{"embeddable":true,"href":"https:\/\/www.azanuy.com\/wordpress\/wp-json\/wp\/v2\/users\/1"}],"replies":[{"embeddable":true,"href":"https:\/\/www.azanuy.com\/wordpress\/wp-json\/wp\/v2\/comments?post=136"}],"version-history":[{"count":1,"href":"https:\/\/www.azanuy.com\/wordpress\/wp-json\/wp\/v2\/posts\/136\/revisions"}],"predecessor-version":[{"id":137,"href":"https:\/\/www.azanuy.com\/wordpress\/wp-json\/wp\/v2\/posts\/136\/revisions\/137"}],"wp:attachment":[{"href":"https:\/\/www.azanuy.com\/wordpress\/wp-json\/wp\/v2\/media?parent=136"}],"wp:term":[{"taxonomy":"category","embeddable":true,"href":"https:\/\/www.azanuy.com\/wordpress\/wp-json\/wp\/v2\/categories?post=136"},{"taxonomy":"post_tag","embeddable":true,"href":"https:\/\/www.azanuy.com\/wordpress\/wp-json\/wp\/v2\/tags?post=136"}],"curies":[{"name":"wp","href":"https:\/\/api.w.org\/{rel}","templated":true}]}}