{"id":132,"date":"2021-01-04T13:00:48","date_gmt":"2021-01-04T12:00:48","guid":{"rendered":"https:\/\/www.azanuy.com\/wordpress\/?p=132"},"modified":"2021-01-04T13:09:02","modified_gmt":"2021-01-04T12:09:02","slug":"2004-xxv-semana-cultural","status":"publish","type":"post","link":"https:\/\/www.azanuy.com\/wordpress\/2004-xxv-semana-cultural\/","title":{"rendered":"2004 XXV Semana Cultural"},"content":{"rendered":"\n<p>D\u00eda 19 &#8211; Representaci\u00f3n teatral a cargo de los alumnos de colegio publico de Azanuy dirigidos por el profesor Wladimiro Pellicer L\u00f3pez que pondran en escena (con marionetas) \u00abEl soldadito de plomo\u00bb y representar\u00e1n las obras \u00abLos siete enanitos\u00bb, \u00abEl cuento de la baraja\u00bb y terminando con poes\u00edas, canciones y bailes.<\/p>\n\n\n\n<p>D\u00eda 20 &#8211; Recital de poes\u00eda popular aragonesa por Don Antonio Latorre Pelegr\u00edn.<\/p>\n\n\n\n<p>D\u00eda 21 &#8211; Conferencia por Don Jos\u00e9 Antonio Adell y Don Celedonio Garc\u00eda que constar\u00e1 de dos partes, la primera tratar\u00e1 sobre \u00ab25 a\u00f1os de Semana Cultural en Azanuy\u00bb y en la segunda parte presentar\u00e1n su libro \u00abHistorias de amor en Arag\u00f3n\u00bb acompa\u00f1ado de proyecci\u00f3n audiovisual.<\/p>\n\n\n\n<p>D\u00eda 22 &#8211; Charla-coloquio a cargo de la Excma. Sra. Do\u00f1a Ana de Salas Gimenez de Azcarate, consejera de Servicios sociales y familia del Gobierno de Arag\u00f3n, con el tema \u00abIgualdad de oportunidades: estado del bienestar\u00bb.<\/p>\n\n\n\n<p>D\u00eda 23 &#8211; Presentaci\u00f3n del libro \u00abCalasanz e un llug\u00e1 chico\u00bb por su autor Don Antonio Al\u00f3s Pascau.<\/p>\n\n\n\n<p>D\u00eda 24 &#8211; Concierto con la banda de m\u00fasica \u00abLa lira\u00bb de Monz\u00f3n.<\/p>\n","protected":false},"excerpt":{"rendered":"<p>D\u00eda 19 &#8211; Representaci\u00f3n teatral a cargo de los alumnos de colegio publico de Azanuy dirigidos por el profesor Wladimiro Pellicer L\u00f3pez que pondran en escena (con marionetas) \u00abEl soldadito de plomo\u00bb y representar\u00e1n las obras \u00abLos siete enanitos\u00bb, \u00abEl cuento de la baraja\u00bb y terminando con poes\u00edas, canciones y bailes. D\u00eda 20 &#8211; Recital [&hellip;]<\/p>\n","protected":false},"author":1,"featured_media":0,"comment_status":"closed","ping_status":"open","sticky":false,"template":"templates\/template-full-width.php","format":"standard","meta":{"footnotes":""},"categories":[1],"tags":[],"class_list":["post-132","post","type-post","status-publish","format-standard","hentry","category-semana-cultural"],"_links":{"self":[{"href":"https:\/\/www.azanuy.com\/wordpress\/wp-json\/wp\/v2\/posts\/132","targetHints":{"allow":["GET"]}}],"collection":[{"href":"https:\/\/www.azanuy.com\/wordpress\/wp-json\/wp\/v2\/posts"}],"about":[{"href":"https:\/\/www.azanuy.com\/wordpress\/wp-json\/wp\/v2\/types\/post"}],"author":[{"embeddable":true,"href":"https:\/\/www.azanuy.com\/wordpress\/wp-json\/wp\/v2\/users\/1"}],"replies":[{"embeddable":true,"href":"https:\/\/www.azanuy.com\/wordpress\/wp-json\/wp\/v2\/comments?post=132"}],"version-history":[{"count":1,"href":"https:\/\/www.azanuy.com\/wordpress\/wp-json\/wp\/v2\/posts\/132\/revisions"}],"predecessor-version":[{"id":133,"href":"https:\/\/www.azanuy.com\/wordpress\/wp-json\/wp\/v2\/posts\/132\/revisions\/133"}],"wp:attachment":[{"href":"https:\/\/www.azanuy.com\/wordpress\/wp-json\/wp\/v2\/media?parent=132"}],"wp:term":[{"taxonomy":"category","embeddable":true,"href":"https:\/\/www.azanuy.com\/wordpress\/wp-json\/wp\/v2\/categories?post=132"},{"taxonomy":"post_tag","embeddable":true,"href":"https:\/\/www.azanuy.com\/wordpress\/wp-json\/wp\/v2\/tags?post=132"}],"curies":[{"name":"wp","href":"https:\/\/api.w.org\/{rel}","templated":true}]}}