{"id":130,"date":"2021-01-04T12:54:34","date_gmt":"2021-01-04T11:54:34","guid":{"rendered":"https:\/\/www.azanuy.com\/wordpress\/?p=130"},"modified":"2021-01-04T13:09:02","modified_gmt":"2021-01-04T12:09:02","slug":"2003-xxiv-semana-cultural","status":"publish","type":"post","link":"https:\/\/www.azanuy.com\/wordpress\/2003-xxiv-semana-cultural\/","title":{"rendered":"2003 XXIV Semana Cultural"},"content":{"rendered":"\n<p>D\u00eda 16 &#8211; Charla informativa sobre la concentraci\u00f3n parcelaria.<br>Intervendr\u00e1n Don Alejandro Almajano Contreras, director provincial de agricultura; Don Antonio Escartin Huerto, subdirector de estructuras agrarias y Don Manuel Enjuanes Pujol, presidente de la comunidad de regantes de la Litera alta.<\/p>\n\n\n\n<p>D\u00eda 17 &#8211; Charla-coloquio con el tema \u00abEl mushing, deporte y aventura\u00bb a cargo de Don Le\u00f3n V\u00e1zquez Salas, fundador de la Asociaci\u00f3n deportiva mushings de La Litera.<\/p>\n\n\n\n<p>D\u00eda 18 &#8211; Presentaci\u00f3n del disco de Do\u00f1a Amparo Padilla Pacheco \u00abHistoria de los estilos de jota\u00bb.<\/p>\n\n\n\n<p>D\u00eda 19 &#8211; Presentaci\u00f3n de la pel\u00edcula \u00abAmores de siega\u00bb, realizada por la Asociaci\u00f3n Elenco de Huesca.<\/p>\n\n\n\n<p>D\u00eda 20 &#8211; Representaci\u00f3n teatral a cargo de los alumnos de colegio publico de Azanuy que pondr\u00e1n en escena las obras: \u00abCaperucita roja\u00bb y \u00abLos dos labradores\u00bb, dirigidos por la profesora Gema Forradellas Pallaruelo.<\/p>\n\n\n\n<p>D\u00eda 21 &#8211; Conferencia con el tema \u00abDiagnostico y prevenci\u00f3n del c\u00e1ncer de mama\u00bb. Intervendr\u00e1n la doctora Do\u00f1a Maria \u00c1ngeles Arag\u00f3n Sanz, m\u00e9dico especialista en ginecolog\u00eda y Do\u00f1a Eva Figuera Collada, licenciada en psicolog\u00eda y master en psicolog\u00eda cl\u00ednica y de la salud.<\/p>\n\n\n\n<p>D\u00eda 22 &#8211; Charla-coloquio con el tema \u00abLa reforma intermedia de la PAC\u00bb. Intervendr\u00e1n Don Santiago Latorre Alcazo, secretario general t\u00e9cnico del departamento de agricultura del gobierno de Arag\u00f3n; Don Jos\u00e9 Manuel Penella Cambra, secretario provincial de UAGA y Don Esteban Andr\u00e9s Soto, secretario general de ASAJA.<\/p>\n\n\n\n<p>D\u00eda 23 &#8211; Representaci\u00f3n teatral \u00abRecital de poes\u00eda radical\u00bb a cargo de taller de teatro para j\u00f3venes organizado por la biblioteca de Albelda.<\/p>\n\n\n\n<p>D\u00eda 24 &#8211; Conferencia con el tema \u00abVeinte a\u00f1os de estatuto de autonom\u00eda en Arag\u00f3n\u00bb. Intervendr\u00e1n Don Juan Antonio Bolea Foradada y Don Antonio Embid Irujo.<\/p>\n\n\n\n<p>D\u00eda 25 &#8211; Concierto a cargo de la \u00abBanda del canal\u00bb<\/p>\n","protected":false},"excerpt":{"rendered":"<p>D\u00eda 16 &#8211; Charla informativa sobre la concentraci\u00f3n parcelaria.Intervendr\u00e1n Don Alejandro Almajano Contreras, director provincial de agricultura; Don Antonio Escartin Huerto, subdirector de estructuras agrarias y Don Manuel Enjuanes Pujol, presidente de la comunidad de regantes de la Litera alta. D\u00eda 17 &#8211; Charla-coloquio con el tema \u00abEl mushing, deporte y aventura\u00bb a cargo de [&hellip;]<\/p>\n","protected":false},"author":1,"featured_media":0,"comment_status":"closed","ping_status":"open","sticky":false,"template":"templates\/template-full-width.php","format":"standard","meta":{"footnotes":""},"categories":[1],"tags":[],"class_list":["post-130","post","type-post","status-publish","format-standard","hentry","category-semana-cultural"],"_links":{"self":[{"href":"https:\/\/www.azanuy.com\/wordpress\/wp-json\/wp\/v2\/posts\/130","targetHints":{"allow":["GET"]}}],"collection":[{"href":"https:\/\/www.azanuy.com\/wordpress\/wp-json\/wp\/v2\/posts"}],"about":[{"href":"https:\/\/www.azanuy.com\/wordpress\/wp-json\/wp\/v2\/types\/post"}],"author":[{"embeddable":true,"href":"https:\/\/www.azanuy.com\/wordpress\/wp-json\/wp\/v2\/users\/1"}],"replies":[{"embeddable":true,"href":"https:\/\/www.azanuy.com\/wordpress\/wp-json\/wp\/v2\/comments?post=130"}],"version-history":[{"count":1,"href":"https:\/\/www.azanuy.com\/wordpress\/wp-json\/wp\/v2\/posts\/130\/revisions"}],"predecessor-version":[{"id":131,"href":"https:\/\/www.azanuy.com\/wordpress\/wp-json\/wp\/v2\/posts\/130\/revisions\/131"}],"wp:attachment":[{"href":"https:\/\/www.azanuy.com\/wordpress\/wp-json\/wp\/v2\/media?parent=130"}],"wp:term":[{"taxonomy":"category","embeddable":true,"href":"https:\/\/www.azanuy.com\/wordpress\/wp-json\/wp\/v2\/categories?post=130"},{"taxonomy":"post_tag","embeddable":true,"href":"https:\/\/www.azanuy.com\/wordpress\/wp-json\/wp\/v2\/tags?post=130"}],"curies":[{"name":"wp","href":"https:\/\/api.w.org\/{rel}","templated":true}]}}