{"id":128,"date":"2021-01-04T12:54:07","date_gmt":"2021-01-04T11:54:07","guid":{"rendered":"https:\/\/www.azanuy.com\/wordpress\/?p=128"},"modified":"2021-01-04T13:09:02","modified_gmt":"2021-01-04T12:09:02","slug":"2002-xxiii-semana-cultural","status":"publish","type":"post","link":"https:\/\/www.azanuy.com\/wordpress\/2002-xxiii-semana-cultural\/","title":{"rendered":"2002 XXIII Semana Cultural"},"content":{"rendered":"\n<p>D\u00eda 19 &#8211; Conferencia a cargo de Don Jos\u00e9 Mar\u00eda Nasarre L\u00f3pez, profesor de la facultad de ciencias humanas y de la educaci\u00f3n de Huesca, con el tema \u00abLos maestros: profesionales artesanos de la ense\u00f1anza\u00bb.<\/p>\n\n\n\n<p>D\u00eda 20 &#8211; Misa aragonesa interpretada por la Agrupaci\u00f3n folcl\u00f3rica ciudad de Barbastro.<\/p>\n\n\n\n<p>D\u00eda 21- Representaci\u00f3n teatral a cargo de los alumnos de colegio publico de Azanuy que pondr\u00e1n en escena las obras: \u00abLa muela\u00bb y \u00abDon gato\u00bb, dirigidos por la profesora Gema Forradellas Pallaruelo.<\/p>\n\n\n\n<p>D\u00eda 22 &#8211; Conferencia a cargo del doctor Don Luis Paniagua Royo, especialista en traumatolog\u00eda del hospital comarcal de Barbastro, con el tema \u00abLos huesos en los ancianos, osteoporosis\u00bb.<\/p>\n\n\n\n<p>D\u00eda 23 &#8211; Charla con proyecci\u00f3n audiovisual sobre el tema \u00abBrujas, demonios, encantarias y seres m\u00e1gicos de Arag\u00f3n\u00bb, a cargo de d. Jos\u00e9 Antonio Adell y Celedonio Garc\u00eda.<\/p>\n\n\n\n<p>D\u00eda 24 &#8211; Mesa redonda sobre \u00abEl PHN y el pacto del agua en Arag\u00f3n\u00bb.<br>Participaran por IU Don Jos\u00e9 Mar\u00eda Ballest\u00edn Miguel, coordinador del grupo parlamentario en las cortes de Arag\u00f3n; por CHA Don Salvador Ariste Latre, diputado provincial y secretario territorial del Altoarag\u00f3n; por el PAR Don Miguel \u00c1ngel Us\u00f3n Ezquerro, portavoz en la comisi\u00f3n de medio ambiente de las cortes de Arag\u00f3n y presidente intercomarcal del Altoarag\u00f3n; por el PSOE Don Eduardo Alonso Lizondo, portavoz en la comisi\u00f3n de agricultura de las cortes de Arag\u00f3n y alcalde de Ejea de los Caballeros y por el PP Don \u00c1ngel Pintado Barbanoj, diputado en el congreso por Huesca y portavoz adjunto en la comisi\u00f3n de agricultura en el congreso de los diputados. El coloquio ser\u00e1 moderado por d. Miguel \u00c1ngel Liso Tejada, director del Peri\u00f3dico de Arag\u00f3n.<\/p>\n\n\n\n<p>D\u00eda 25 &#8211; Conferencia a cargo del Exmo. Sr. Don Jos\u00e9 \u00c1ngel Biel Rivera, vicepresidente del gobierno de Arag\u00f3n, con el tema \u00abLa importancia de la comarcalizaci\u00f3n en Arag\u00f3n\u00bb.<\/p>\n\n\n\n<p>D\u00eda 26 &#8211; Concierto con el grupo \u00abOs mainates\u00bb.<\/p>\n","protected":false},"excerpt":{"rendered":"<p>D\u00eda 19 &#8211; Conferencia a cargo de Don Jos\u00e9 Mar\u00eda Nasarre L\u00f3pez, profesor de la facultad de ciencias humanas y de la educaci\u00f3n de Huesca, con el tema \u00abLos maestros: profesionales artesanos de la ense\u00f1anza\u00bb. D\u00eda 20 &#8211; Misa aragonesa interpretada por la Agrupaci\u00f3n folcl\u00f3rica ciudad de Barbastro. D\u00eda 21- Representaci\u00f3n teatral a cargo de [&hellip;]<\/p>\n","protected":false},"author":1,"featured_media":0,"comment_status":"closed","ping_status":"open","sticky":false,"template":"templates\/template-full-width.php","format":"standard","meta":{"footnotes":""},"categories":[1],"tags":[],"class_list":["post-128","post","type-post","status-publish","format-standard","hentry","category-semana-cultural"],"_links":{"self":[{"href":"https:\/\/www.azanuy.com\/wordpress\/wp-json\/wp\/v2\/posts\/128","targetHints":{"allow":["GET"]}}],"collection":[{"href":"https:\/\/www.azanuy.com\/wordpress\/wp-json\/wp\/v2\/posts"}],"about":[{"href":"https:\/\/www.azanuy.com\/wordpress\/wp-json\/wp\/v2\/types\/post"}],"author":[{"embeddable":true,"href":"https:\/\/www.azanuy.com\/wordpress\/wp-json\/wp\/v2\/users\/1"}],"replies":[{"embeddable":true,"href":"https:\/\/www.azanuy.com\/wordpress\/wp-json\/wp\/v2\/comments?post=128"}],"version-history":[{"count":1,"href":"https:\/\/www.azanuy.com\/wordpress\/wp-json\/wp\/v2\/posts\/128\/revisions"}],"predecessor-version":[{"id":129,"href":"https:\/\/www.azanuy.com\/wordpress\/wp-json\/wp\/v2\/posts\/128\/revisions\/129"}],"wp:attachment":[{"href":"https:\/\/www.azanuy.com\/wordpress\/wp-json\/wp\/v2\/media?parent=128"}],"wp:term":[{"taxonomy":"category","embeddable":true,"href":"https:\/\/www.azanuy.com\/wordpress\/wp-json\/wp\/v2\/categories?post=128"},{"taxonomy":"post_tag","embeddable":true,"href":"https:\/\/www.azanuy.com\/wordpress\/wp-json\/wp\/v2\/tags?post=128"}],"curies":[{"name":"wp","href":"https:\/\/api.w.org\/{rel}","templated":true}]}}