{"id":124,"date":"2021-01-04T12:50:22","date_gmt":"2021-01-04T11:50:22","guid":{"rendered":"https:\/\/www.azanuy.com\/wordpress\/?p=124"},"modified":"2021-01-04T13:09:02","modified_gmt":"2021-01-04T12:09:02","slug":"2000-xxi-semana-cultural","status":"publish","type":"post","link":"https:\/\/www.azanuy.com\/wordpress\/2000-xxi-semana-cultural\/","title":{"rendered":"2000 XXI Semana Cultural"},"content":{"rendered":"\n<p>D\u00eda 17 &#8211; Representaci\u00f3n teatral a cargo de los alumnos del Colegio P\u00fablico de Azanuy.<br>Presentaci\u00f3n del video \u00abEl r\u00edo Sosa\u00bb realizado por Do\u00f1a Mar\u00eda Dolores Galindo y Don Mario Garc\u00e9s, miembros de Cehimo.<\/p>\n\n\n\n<p>D\u00eda 18 &#8211; Conferencia a cargo de Don Santiago Broto Aparicio, diplomado en heraldica y genealog\u00eda, que tratar\u00e1 el tema \u00abLa historia y las gentes de Azanuy\u00bb.<\/p>\n\n\n\n<p>D\u00eda 19 &#8211; Coloquio sobre el tema \u00abEl habla de Azanuy, pasado, presente y futuro\u00bb<br>Intervendr\u00e1n: Don H\u00e9ctor Castro Ari\u00f1o, licenciado en filolog\u00eda rom\u00e1nica y presidente de la asociaci\u00f3n \u00abLo tim\u00f3\u00bb; Don Angel Hern\u00e1ndez, presidente de la asociaci\u00f3n \u00abAmics de Fraga\u00bb; Don Ram\u00f3n Sistac Vicen, director del area de Filolog\u00eda catalana de la Universidad de Lleida y miembro del Instituto de estudios catalanes y Don Javier Giralt Latorre, profesor asociado del area de filolog\u00eda catalana de la Universidad de Zaragoza. Moderar\u00e1 el coloquio Don Alejandro Ballesteros de Hit Radio El Grado.<\/p>\n\n\n\n<p>D\u00eda 20 &#8211; Coloquio sobre \u00abLa importancia de la pr\u00e1ctica del deporte\u00bb.<br>Intervendr\u00e1n: Don Fernando Arcega, director general de deporte y juventud del Gobierno de Arag\u00f3n y ex-jugador profesional de baloncesto; Don Andoni Cedr\u00fan, ex jugador profesional de f\u00fatbol y Don Eliseo Mart\u00edn, atleta del Club Atl\u00e9tico Monz\u00f3n. Moderar\u00e1 el coloquio Don Miguel Angel Blasco, redactor de deportes del Diario del Altoarag\u00f3n.<\/p>\n\n\n\n<p>D\u00eda 21 &#8211; Presentaci\u00f3n del libro \u00abHistoria del juego tradicional y del deporte en Arag\u00f3n\u00bb, a cargo de sus autores Don Jos\u00e9 Antonio Adell y Don Celedonio Garc\u00eda.<\/p>\n\n\n\n<p>D\u00eda 22 &#8211; Concierto a cargo del cuarteto de pulso y p\u00faa \u00abA capricho\u00bb.<\/p>\n","protected":false},"excerpt":{"rendered":"<p>D\u00eda 17 &#8211; Representaci\u00f3n teatral a cargo de los alumnos del Colegio P\u00fablico de Azanuy.Presentaci\u00f3n del video \u00abEl r\u00edo Sosa\u00bb realizado por Do\u00f1a Mar\u00eda Dolores Galindo y Don Mario Garc\u00e9s, miembros de Cehimo. D\u00eda 18 &#8211; Conferencia a cargo de Don Santiago Broto Aparicio, diplomado en heraldica y genealog\u00eda, que tratar\u00e1 el tema \u00abLa historia [&hellip;]<\/p>\n","protected":false},"author":1,"featured_media":0,"comment_status":"closed","ping_status":"open","sticky":false,"template":"templates\/template-full-width.php","format":"standard","meta":{"footnotes":""},"categories":[1],"tags":[],"class_list":["post-124","post","type-post","status-publish","format-standard","hentry","category-semana-cultural"],"_links":{"self":[{"href":"https:\/\/www.azanuy.com\/wordpress\/wp-json\/wp\/v2\/posts\/124","targetHints":{"allow":["GET"]}}],"collection":[{"href":"https:\/\/www.azanuy.com\/wordpress\/wp-json\/wp\/v2\/posts"}],"about":[{"href":"https:\/\/www.azanuy.com\/wordpress\/wp-json\/wp\/v2\/types\/post"}],"author":[{"embeddable":true,"href":"https:\/\/www.azanuy.com\/wordpress\/wp-json\/wp\/v2\/users\/1"}],"replies":[{"embeddable":true,"href":"https:\/\/www.azanuy.com\/wordpress\/wp-json\/wp\/v2\/comments?post=124"}],"version-history":[{"count":1,"href":"https:\/\/www.azanuy.com\/wordpress\/wp-json\/wp\/v2\/posts\/124\/revisions"}],"predecessor-version":[{"id":125,"href":"https:\/\/www.azanuy.com\/wordpress\/wp-json\/wp\/v2\/posts\/124\/revisions\/125"}],"wp:attachment":[{"href":"https:\/\/www.azanuy.com\/wordpress\/wp-json\/wp\/v2\/media?parent=124"}],"wp:term":[{"taxonomy":"category","embeddable":true,"href":"https:\/\/www.azanuy.com\/wordpress\/wp-json\/wp\/v2\/categories?post=124"},{"taxonomy":"post_tag","embeddable":true,"href":"https:\/\/www.azanuy.com\/wordpress\/wp-json\/wp\/v2\/tags?post=124"}],"curies":[{"name":"wp","href":"https:\/\/api.w.org\/{rel}","templated":true}]}}