{"id":122,"date":"2021-01-04T12:49:53","date_gmt":"2021-01-04T11:49:53","guid":{"rendered":"https:\/\/www.azanuy.com\/wordpress\/?p=122"},"modified":"2021-01-04T13:09:02","modified_gmt":"2021-01-04T12:09:02","slug":"1999-xx-semana-cultural","status":"publish","type":"post","link":"https:\/\/www.azanuy.com\/wordpress\/1999-xx-semana-cultural\/","title":{"rendered":"1999 XX Semana Cultural"},"content":{"rendered":"\n<p>D\u00eda 16 &#8211; Concierto conmemorativo del XX aniversario de la Semana Cultural con la actuaci\u00f3n de La Ronda de Bolta\u00f1a, Jos\u00e9 Antonio Labordeta y Joaqu\u00edn Carbonell.<\/p>\n\n\n\n<p>D\u00eda 17 &#8211; Presentaci\u00f3n del video \u00abAzanuy, sus casas y sus gentes\u00bb por sus autoras Eva y Sonio Rufas Gallardo.<br>A continuaci\u00f3n, conferencia del Exmo. Se\u00f1or Don Emilio Eiroa Garc\u00eda, presidente de las Cortes de Arag\u00f3n; con el tema \u00abLas cortes de Arag\u00f3n\u00bb<\/p>\n\n\n\n<p>D\u00eda 18 &#8211; Festival de canci\u00f3n y poes\u00eda a cargo de los alumnos del Colegio P\u00fablico de Azanuy.<br>A continuaci\u00f3n, presentaci\u00f3n de los libros \u00abEl ciclo festivo en el Altoarag\u00f3n\u00bb y \u00abChistab\u00edn, el andar\u00edn de Berbegal\u00bb por sus autores Jos\u00e9 Antonio Adell y Celedonio Garc\u00eda.<\/p>\n\n\n\n<p>D\u00eda 19 &#8211; Charla-coloquio con el tema \u00abLa agenda 2000 y su impacto en la agricultura aragonesa\u00bb.<br>Intervendr\u00e1n: Don Esteban Andr\u00e9s de J\u00f3venes Agricultores de Arag\u00f3n y Don Eduardo Navarro de Uni\u00f3n de agricultores y ganaderos de Arag\u00f3n. Moderar\u00e1 el coloquio Do\u00f1a Concha Silv\u00e1n, corresponsal en La Litera de Heraldo de Arag\u00f3n.<\/p>\n\n\n\n<p>D\u00eda 20 &#8211; Mesa redonda con el tema \u00abLa influencia de los medios de comunicaci\u00f3n en la sociedad actual\u00bb.<br>Participan: Do\u00f1a Maite Cortina de Radio Barbastro, Don Francisco Jos\u00e9 Porquet de Ecos del Cinca, Don Jos\u00e9 Luis Paricio de Radio Binefar y Don Jos\u00e9 Luis Brualla de Radio Benabarre.<\/p>\n\n\n\n<p>D\u00eda 21 &#8211; Charla-coloquio sobre \u00abCooperativismo agrario, situaci\u00f3n actual y futuro\u00bb.<br>Participan: Do\u00f1a Emilia Puig, jefe del servicio de comercializaci\u00f3n agraria de la DGA, Don Gregorio Moreu, ingeniero t\u00e9cnico agr\u00edcola y Don Jos\u00e9 Manuel Macarulla, de servicios t\u00e9cnicos de UAGA en Huesca.<\/p>\n\n\n\n<p>D\u00eda 22 &#8211; Conferencia a cargo de Don Eduardo Moga Bayona, licenciado en Filolog\u00eda y escritor que tratar\u00e1 sobre \u00abLa obra literaria de Ram\u00f3n J. Sender\u00bb.<\/p>\n","protected":false},"excerpt":{"rendered":"<p>D\u00eda 16 &#8211; Concierto conmemorativo del XX aniversario de la Semana Cultural con la actuaci\u00f3n de La Ronda de Bolta\u00f1a, Jos\u00e9 Antonio Labordeta y Joaqu\u00edn Carbonell. D\u00eda 17 &#8211; Presentaci\u00f3n del video \u00abAzanuy, sus casas y sus gentes\u00bb por sus autoras Eva y Sonio Rufas Gallardo.A continuaci\u00f3n, conferencia del Exmo. Se\u00f1or Don Emilio Eiroa Garc\u00eda, [&hellip;]<\/p>\n","protected":false},"author":1,"featured_media":0,"comment_status":"closed","ping_status":"open","sticky":false,"template":"templates\/template-full-width.php","format":"standard","meta":{"footnotes":""},"categories":[1],"tags":[],"class_list":["post-122","post","type-post","status-publish","format-standard","hentry","category-semana-cultural"],"_links":{"self":[{"href":"https:\/\/www.azanuy.com\/wordpress\/wp-json\/wp\/v2\/posts\/122","targetHints":{"allow":["GET"]}}],"collection":[{"href":"https:\/\/www.azanuy.com\/wordpress\/wp-json\/wp\/v2\/posts"}],"about":[{"href":"https:\/\/www.azanuy.com\/wordpress\/wp-json\/wp\/v2\/types\/post"}],"author":[{"embeddable":true,"href":"https:\/\/www.azanuy.com\/wordpress\/wp-json\/wp\/v2\/users\/1"}],"replies":[{"embeddable":true,"href":"https:\/\/www.azanuy.com\/wordpress\/wp-json\/wp\/v2\/comments?post=122"}],"version-history":[{"count":1,"href":"https:\/\/www.azanuy.com\/wordpress\/wp-json\/wp\/v2\/posts\/122\/revisions"}],"predecessor-version":[{"id":123,"href":"https:\/\/www.azanuy.com\/wordpress\/wp-json\/wp\/v2\/posts\/122\/revisions\/123"}],"wp:attachment":[{"href":"https:\/\/www.azanuy.com\/wordpress\/wp-json\/wp\/v2\/media?parent=122"}],"wp:term":[{"taxonomy":"category","embeddable":true,"href":"https:\/\/www.azanuy.com\/wordpress\/wp-json\/wp\/v2\/categories?post=122"},{"taxonomy":"post_tag","embeddable":true,"href":"https:\/\/www.azanuy.com\/wordpress\/wp-json\/wp\/v2\/tags?post=122"}],"curies":[{"name":"wp","href":"https:\/\/api.w.org\/{rel}","templated":true}]}}