{"id":120,"date":"2021-01-04T12:49:17","date_gmt":"2021-01-04T11:49:17","guid":{"rendered":"https:\/\/www.azanuy.com\/wordpress\/?p=120"},"modified":"2021-01-04T13:09:02","modified_gmt":"2021-01-04T12:09:02","slug":"1998-xix-semana-cultural","status":"publish","type":"post","link":"https:\/\/www.azanuy.com\/wordpress\/1998-xix-semana-cultural\/","title":{"rendered":"1998 XIX Semana Cultural"},"content":{"rendered":"\n<p>D\u00eda 17 &#8211; Concierto del cantautor Joaqu\u00edn Carbonell<\/p>\n\n\n\n<p>D\u00eda 19 &#8211; Representaci\u00f3n teatral a cargo de los alumnos de colegio publico de Azanuy que pondr\u00e1n en escena la obra \u00abEl medico a palos\u00bb.<br>Recital de poes\u00eda a cargo de Do\u00f1a Mari Carmen Murillo Marc\u00e9n.<\/p>\n\n\n\n<p>D\u00eda 20 &#8211; Conferencia a cargo de Don Pedro Lafuente Pardina, costumbrista altoaragon\u00e9s; con el tema \u00abCostumbres de nuestros pueblos\u00bb.<\/p>\n\n\n\n<p>D\u00eda 21 &#8211; Conferencia por Don Vicente Rio Mart\u00ednez, presidente del instituto de estudios altoaragoneses; con el tema \u00abLa ronda en el Altoarag\u00f3n\u00bb acompa\u00f1ado por Don Paco Lasierra (el cantador de Pallaruelo), Don Antonio Altemir a la guitarra y Don Fernando Bad\u00eda al viol\u00edn que mostraran una selecci\u00f3n de las mejores jotas de ronda de nuestra tierra.<\/p>\n\n\n\n<p>D\u00eda 22 &#8211; Charla informativa sobre \u00abLos riegos de la Litera alta y su viabilidad\u00bb.<br>Intervendr\u00e1n Don Carlos Chica y Don Jaime Fabregat, ingenieros de caminos, canales y puertos; y Don Eugenio Nadal y Don Jos\u00e9 Mar\u00eda Sallant, ingenieros agr\u00f3nomos.<\/p>\n\n\n\n<p>D\u00eda 23 &#8211; Conferencia a cargo de Do\u00f1a Gema Solano Boix, publicista; con el tema \u00abEl porque de la publicidad\u00bb.<\/p>\n\n\n\n<p>D\u00eda 24 &#8211; Conferencia a cargo de Don Eduardo Merigo, economista, presidente de visa Espa\u00f1a y de la sociedad espa\u00f1ola de medios de pago; con el tema \u00abIncidencia del euro en la econom\u00eda espa\u00f1ola\u00bb.<\/p>\n","protected":false},"excerpt":{"rendered":"<p>D\u00eda 17 &#8211; Concierto del cantautor Joaqu\u00edn Carbonell D\u00eda 19 &#8211; Representaci\u00f3n teatral a cargo de los alumnos de colegio publico de Azanuy que pondr\u00e1n en escena la obra \u00abEl medico a palos\u00bb.Recital de poes\u00eda a cargo de Do\u00f1a Mari Carmen Murillo Marc\u00e9n. D\u00eda 20 &#8211; Conferencia a cargo de Don Pedro Lafuente Pardina, costumbrista [&hellip;]<\/p>\n","protected":false},"author":1,"featured_media":0,"comment_status":"closed","ping_status":"open","sticky":false,"template":"templates\/template-full-width.php","format":"standard","meta":{"footnotes":""},"categories":[1],"tags":[],"class_list":["post-120","post","type-post","status-publish","format-standard","hentry","category-semana-cultural"],"_links":{"self":[{"href":"https:\/\/www.azanuy.com\/wordpress\/wp-json\/wp\/v2\/posts\/120","targetHints":{"allow":["GET"]}}],"collection":[{"href":"https:\/\/www.azanuy.com\/wordpress\/wp-json\/wp\/v2\/posts"}],"about":[{"href":"https:\/\/www.azanuy.com\/wordpress\/wp-json\/wp\/v2\/types\/post"}],"author":[{"embeddable":true,"href":"https:\/\/www.azanuy.com\/wordpress\/wp-json\/wp\/v2\/users\/1"}],"replies":[{"embeddable":true,"href":"https:\/\/www.azanuy.com\/wordpress\/wp-json\/wp\/v2\/comments?post=120"}],"version-history":[{"count":1,"href":"https:\/\/www.azanuy.com\/wordpress\/wp-json\/wp\/v2\/posts\/120\/revisions"}],"predecessor-version":[{"id":121,"href":"https:\/\/www.azanuy.com\/wordpress\/wp-json\/wp\/v2\/posts\/120\/revisions\/121"}],"wp:attachment":[{"href":"https:\/\/www.azanuy.com\/wordpress\/wp-json\/wp\/v2\/media?parent=120"}],"wp:term":[{"taxonomy":"category","embeddable":true,"href":"https:\/\/www.azanuy.com\/wordpress\/wp-json\/wp\/v2\/categories?post=120"},{"taxonomy":"post_tag","embeddable":true,"href":"https:\/\/www.azanuy.com\/wordpress\/wp-json\/wp\/v2\/tags?post=120"}],"curies":[{"name":"wp","href":"https:\/\/api.w.org\/{rel}","templated":true}]}}