{"id":118,"date":"2021-01-04T12:48:49","date_gmt":"2021-01-04T11:48:49","guid":{"rendered":"https:\/\/www.azanuy.com\/wordpress\/?p=118"},"modified":"2021-01-04T13:09:02","modified_gmt":"2021-01-04T12:09:02","slug":"1997-xviii-semana-cultural","status":"publish","type":"post","link":"https:\/\/www.azanuy.com\/wordpress\/1997-xviii-semana-cultural\/","title":{"rendered":"1997 XVIII Semana Cultural"},"content":{"rendered":"\n<p>D\u00eda 20 &#8211; Representaci\u00f3n teatral a cargo de los alumnos de colegio publico de Azanuy que pondran en escena la obra \u00abLa boda del comecocos\u00bb.<\/p>\n\n\n\n<p>D\u00eda 21 &#8211; Charla-coloquio a cargo de Do\u00f1a Isabel Escartin Alcubierre, archivera de la Mancomunidad de la Litera, con el tema \u00abRecorrido sobre la historia de las gentes de Azanuy y Alins del Monte a trav\u00e9s de su archivo municipal\u00bb.<\/p>\n\n\n\n<p>D\u00eda 22 &#8211; Conferencia a cargo de Don Fernando Maestro Guerrero, autor del libro \u00abDel tajo a la replaceta\u00bb, con el tema \u00abLos juegos tradicionales en Arag\u00f3n\u00bb.<\/p>\n\n\n\n<p>D\u00eda 23 &#8211; Charla-coloquio con el tema \u00abImportancia de la teleasistencia a domicilio para las personas mayores en el medio rural\u00bb.<br>Intervendr\u00e1n: Do\u00f1a Carmen Ara, asistente social y responsable del programa de teleasistencia a domicilio de cruz roja en Huesca y Do\u00f1a Berta Guill\u00e9n, asistente social de la mancomunidad de la Litera.<\/p>\n\n\n\n<p>D\u00eda 24 &#8211; Conferencia a cargo del investigador Don Blas Broto Campo con el tema \u00abDatos biogr\u00e1ficos sobre Don Antonio Aura Boronat\u00bb.<\/p>\n\n\n\n<p>D\u00eda 25- Concierto del cantautor Don Jos\u00e9 Antonio Labordeta.<\/p>\n","protected":false},"excerpt":{"rendered":"<p>D\u00eda 20 &#8211; Representaci\u00f3n teatral a cargo de los alumnos de colegio publico de Azanuy que pondran en escena la obra \u00abLa boda del comecocos\u00bb. D\u00eda 21 &#8211; Charla-coloquio a cargo de Do\u00f1a Isabel Escartin Alcubierre, archivera de la Mancomunidad de la Litera, con el tema \u00abRecorrido sobre la historia de las gentes de Azanuy [&hellip;]<\/p>\n","protected":false},"author":1,"featured_media":0,"comment_status":"closed","ping_status":"open","sticky":false,"template":"templates\/template-full-width.php","format":"standard","meta":{"footnotes":""},"categories":[1],"tags":[],"class_list":["post-118","post","type-post","status-publish","format-standard","hentry","category-semana-cultural"],"_links":{"self":[{"href":"https:\/\/www.azanuy.com\/wordpress\/wp-json\/wp\/v2\/posts\/118","targetHints":{"allow":["GET"]}}],"collection":[{"href":"https:\/\/www.azanuy.com\/wordpress\/wp-json\/wp\/v2\/posts"}],"about":[{"href":"https:\/\/www.azanuy.com\/wordpress\/wp-json\/wp\/v2\/types\/post"}],"author":[{"embeddable":true,"href":"https:\/\/www.azanuy.com\/wordpress\/wp-json\/wp\/v2\/users\/1"}],"replies":[{"embeddable":true,"href":"https:\/\/www.azanuy.com\/wordpress\/wp-json\/wp\/v2\/comments?post=118"}],"version-history":[{"count":1,"href":"https:\/\/www.azanuy.com\/wordpress\/wp-json\/wp\/v2\/posts\/118\/revisions"}],"predecessor-version":[{"id":119,"href":"https:\/\/www.azanuy.com\/wordpress\/wp-json\/wp\/v2\/posts\/118\/revisions\/119"}],"wp:attachment":[{"href":"https:\/\/www.azanuy.com\/wordpress\/wp-json\/wp\/v2\/media?parent=118"}],"wp:term":[{"taxonomy":"category","embeddable":true,"href":"https:\/\/www.azanuy.com\/wordpress\/wp-json\/wp\/v2\/categories?post=118"},{"taxonomy":"post_tag","embeddable":true,"href":"https:\/\/www.azanuy.com\/wordpress\/wp-json\/wp\/v2\/tags?post=118"}],"curies":[{"name":"wp","href":"https:\/\/api.w.org\/{rel}","templated":true}]}}