{"id":116,"date":"2021-01-04T12:48:03","date_gmt":"2021-01-04T11:48:03","guid":{"rendered":"https:\/\/www.azanuy.com\/wordpress\/?p=116"},"modified":"2021-01-04T13:08:38","modified_gmt":"2021-01-04T12:08:38","slug":"1996-xvii-semana-cultural","status":"publish","type":"post","link":"https:\/\/www.azanuy.com\/wordpress\/1996-xvii-semana-cultural\/","title":{"rendered":"1996 XVII Semana Cultural"},"content":{"rendered":"\n<p>D\u00eda 15 &#8211; Representaci\u00f3n teatral a cargo de los alumnos de colegio publico de Azanuy que pondr\u00e1n en escena la obra \u00abLa insula barataria\u00bb, dirigidos por el profesor Don Jes\u00fas Vi\u00f1uales Borau.<\/p>\n\n\n\n<p>D\u00eda 16 &#8211; Charla-coloquio con el tema \u00abEl patrimonio art\u00edstico aragon\u00e9s en la di\u00f3cesis de Lleida\u00bb. Intervendr\u00e1n: Don Enrique Calvera Ner\u00edn, delegado del patrimonio cultural de la di\u00f3cesis Barbastro-Monz\u00f3n y Don Jos\u00e9 Mar\u00eda Huerva Mateo, arcipreste del Cinca Medio.<\/p>\n\n\n\n<p>D\u00eda 17 &#8211; Mesa redonda con el tema \u00abLas drogadicciones y su prevenci\u00f3n\u00bb.<br>Intervendr\u00e1n: Don Joaqu\u00edn Gracia Mart\u00ednez, director provincial de sanidad y bienestar social de la DGA; Don \u00c1ngel Alonso Herrero, inspector jefe de la brigada operativa y Don Juan Antonio Fuentes Rold\u00f3n, inspector jefe medico, ambos de la comisar\u00eda de polic\u00eda de Huesca. <br>Moderara el coloquio Don Jos\u00e9 Luis Brualla, director de Radio Benabarre.<\/p>\n\n\n\n<p>D\u00eda 18 &#8211; Concierto del tenor Alfredo Longares acompa\u00f1ado al piano por Daniel Clavero.<\/p>\n\n\n\n<p>D\u00eda 19 &#8211; Conferencia a cargo del Exmo. Se\u00f1or Don Jos\u00e9 Manuel Lasa Dolhagaray, consejero de agricultura y medio ambiente del gobierno de Arag\u00f3n; con el tema \u00abFuturo de la agricultura en Arag\u00f3n\u00bb.<\/p>\n","protected":false},"excerpt":{"rendered":"<p>D\u00eda 15 &#8211; Representaci\u00f3n teatral a cargo de los alumnos de colegio publico de Azanuy que pondr\u00e1n en escena la obra \u00abLa insula barataria\u00bb, dirigidos por el profesor Don Jes\u00fas Vi\u00f1uales Borau. D\u00eda 16 &#8211; Charla-coloquio con el tema \u00abEl patrimonio art\u00edstico aragon\u00e9s en la di\u00f3cesis de Lleida\u00bb. Intervendr\u00e1n: Don Enrique Calvera Ner\u00edn, delegado del [&hellip;]<\/p>\n","protected":false},"author":1,"featured_media":0,"comment_status":"closed","ping_status":"open","sticky":false,"template":"templates\/template-full-width.php","format":"standard","meta":{"footnotes":""},"categories":[1],"tags":[],"class_list":["post-116","post","type-post","status-publish","format-standard","hentry","category-semana-cultural"],"_links":{"self":[{"href":"https:\/\/www.azanuy.com\/wordpress\/wp-json\/wp\/v2\/posts\/116","targetHints":{"allow":["GET"]}}],"collection":[{"href":"https:\/\/www.azanuy.com\/wordpress\/wp-json\/wp\/v2\/posts"}],"about":[{"href":"https:\/\/www.azanuy.com\/wordpress\/wp-json\/wp\/v2\/types\/post"}],"author":[{"embeddable":true,"href":"https:\/\/www.azanuy.com\/wordpress\/wp-json\/wp\/v2\/users\/1"}],"replies":[{"embeddable":true,"href":"https:\/\/www.azanuy.com\/wordpress\/wp-json\/wp\/v2\/comments?post=116"}],"version-history":[{"count":1,"href":"https:\/\/www.azanuy.com\/wordpress\/wp-json\/wp\/v2\/posts\/116\/revisions"}],"predecessor-version":[{"id":117,"href":"https:\/\/www.azanuy.com\/wordpress\/wp-json\/wp\/v2\/posts\/116\/revisions\/117"}],"wp:attachment":[{"href":"https:\/\/www.azanuy.com\/wordpress\/wp-json\/wp\/v2\/media?parent=116"}],"wp:term":[{"taxonomy":"category","embeddable":true,"href":"https:\/\/www.azanuy.com\/wordpress\/wp-json\/wp\/v2\/categories?post=116"},{"taxonomy":"post_tag","embeddable":true,"href":"https:\/\/www.azanuy.com\/wordpress\/wp-json\/wp\/v2\/tags?post=116"}],"curies":[{"name":"wp","href":"https:\/\/api.w.org\/{rel}","templated":true}]}}