{"id":114,"date":"2021-01-04T12:47:37","date_gmt":"2021-01-04T11:47:37","guid":{"rendered":"https:\/\/www.azanuy.com\/wordpress\/?p=114"},"modified":"2021-01-04T13:08:38","modified_gmt":"2021-01-04T12:08:38","slug":"1995-xvi-semana-cultural","status":"publish","type":"post","link":"https:\/\/www.azanuy.com\/wordpress\/1995-xvi-semana-cultural\/","title":{"rendered":"1995 XVI Semana Cultural"},"content":{"rendered":"\n<p>D\u00eda 14 &#8211; Concierto de viol\u00edn y piano con los interpretes. Don Fernando Bad\u00eda Aguilar (viol\u00edn) y Don Jos\u00e9 Miguel Larripa Lafuente (piano)<\/p>\n\n\n\n<p>D\u00eda 16 &#8211; Representaci\u00f3n teatral a cargo de los alumnos de colegio publico de Azanuy que pondr\u00e1n en escena la obra \u00abLa oveja verde\u00bb, dirigidos por el profesor Don Jes\u00fas Vi\u00f1uales Borau.<\/p>\n\n\n\n<p>D\u00eda 17 &#8211; Charla-coloquio por Don Antonio Trallero Gallego, inspector del Ministerio de Educaci\u00f3n y Ciencia, con el tema \u00abLos colegios rurales agrupados, que son y que fines pretenden\u00bb.<\/p>\n\n\n\n<p>D\u00eda 18 &#8211; Conferencia a cargo de Don Jes\u00fas Uruel Cast\u00e1n, ingeniero agr\u00f3nomo, con el tema \u00abPerspectivas de la agricultura aragonesa en la CEE\u00bb<\/p>\n\n\n\n<p>D\u00eda 19 &#8211; Conferencia a cargo del Exmo. Se\u00f1or Don Jos\u00e9 Manuel de Gregorio Ariza, consejero de medio ambiente del gobierno de Arag\u00f3n; con el tema \u00abLa importancia e inter\u00e9s del medio ambiente en Arag\u00f3n\u00bb.<\/p>\n\n\n\n<p>D\u00eda 20 &#8211; Mesa redonda con el tema \u00abLa imagen publica de los pol\u00edticos\u00bb, intervendr\u00e1n los portavoces de los partidos representados en las cortes de Arag\u00f3n. <br>Ser\u00e1 moderada por Don Jos\u00e9 Luis Paricio, director de Radio Bin\u00e9far.<\/p>\n\n\n\n<p>D\u00eda 22 &#8211; Concurso fotogr\u00e1fico infantil con el tema \u00abAzanuy y sus calles\u00bb.<\/p>\n\n\n\n<p>D\u00eda 23 &#8211; Charla-coloquio con el tema \u00abEl f\u00fatbol profesional y su incidencia en la sociedad\u00bb.<br>Intervendr\u00e1n Don V\u00edctor Fern\u00e1ndez, entrenador del Real Zaragoza y los periodistas, Don Valeriano Jarn\u00e9 de Heraldo de Arag\u00f3n, Don Pedro Luis Ferrer de Diario 16 de Arag\u00f3n y Don Javier Garc\u00eda de Diario del Altoarag\u00f3n siendo moderador del coloquio Don Alberto Fern\u00e1ndez.<\/p>\n","protected":false},"excerpt":{"rendered":"<p>D\u00eda 14 &#8211; Concierto de viol\u00edn y piano con los interpretes. Don Fernando Bad\u00eda Aguilar (viol\u00edn) y Don Jos\u00e9 Miguel Larripa Lafuente (piano) D\u00eda 16 &#8211; Representaci\u00f3n teatral a cargo de los alumnos de colegio publico de Azanuy que pondr\u00e1n en escena la obra \u00abLa oveja verde\u00bb, dirigidos por el profesor Don Jes\u00fas Vi\u00f1uales Borau. [&hellip;]<\/p>\n","protected":false},"author":1,"featured_media":0,"comment_status":"closed","ping_status":"open","sticky":false,"template":"templates\/template-full-width.php","format":"standard","meta":{"footnotes":""},"categories":[1],"tags":[],"class_list":["post-114","post","type-post","status-publish","format-standard","hentry","category-semana-cultural"],"_links":{"self":[{"href":"https:\/\/www.azanuy.com\/wordpress\/wp-json\/wp\/v2\/posts\/114","targetHints":{"allow":["GET"]}}],"collection":[{"href":"https:\/\/www.azanuy.com\/wordpress\/wp-json\/wp\/v2\/posts"}],"about":[{"href":"https:\/\/www.azanuy.com\/wordpress\/wp-json\/wp\/v2\/types\/post"}],"author":[{"embeddable":true,"href":"https:\/\/www.azanuy.com\/wordpress\/wp-json\/wp\/v2\/users\/1"}],"replies":[{"embeddable":true,"href":"https:\/\/www.azanuy.com\/wordpress\/wp-json\/wp\/v2\/comments?post=114"}],"version-history":[{"count":1,"href":"https:\/\/www.azanuy.com\/wordpress\/wp-json\/wp\/v2\/posts\/114\/revisions"}],"predecessor-version":[{"id":115,"href":"https:\/\/www.azanuy.com\/wordpress\/wp-json\/wp\/v2\/posts\/114\/revisions\/115"}],"wp:attachment":[{"href":"https:\/\/www.azanuy.com\/wordpress\/wp-json\/wp\/v2\/media?parent=114"}],"wp:term":[{"taxonomy":"category","embeddable":true,"href":"https:\/\/www.azanuy.com\/wordpress\/wp-json\/wp\/v2\/categories?post=114"},{"taxonomy":"post_tag","embeddable":true,"href":"https:\/\/www.azanuy.com\/wordpress\/wp-json\/wp\/v2\/tags?post=114"}],"curies":[{"name":"wp","href":"https:\/\/api.w.org\/{rel}","templated":true}]}}