{"id":112,"date":"2021-01-04T12:46:57","date_gmt":"2021-01-04T11:46:57","guid":{"rendered":"https:\/\/www.azanuy.com\/wordpress\/?p=112"},"modified":"2021-01-04T13:08:38","modified_gmt":"2021-01-04T12:08:38","slug":"1994-xv-semana-cultural","status":"publish","type":"post","link":"https:\/\/www.azanuy.com\/wordpress\/1994-xv-semana-cultural\/","title":{"rendered":"1994 XV Semana Cultural"},"content":{"rendered":"\n<p>D\u00eda 17 &#8211; Representaci\u00f3n teatral a cargo de los alumnos de colegio publico de Azanuy que pondr\u00e1n en escena la obra \u00abEl enfermo imaginario\u00bb, dirigidos por el profesor Don Jes\u00fas Vi\u00f1uales Borau.<\/p>\n\n\n\n<p>D\u00eda 18 &#8211; Conferencia-recital a cargo del cantautor Don Jos\u00e9 Antonio Labordeta con el tema \u00abLa canci\u00f3n aragonesa como elemento de reivindicaci\u00f3n\u00bb<\/p>\n\n\n\n<p>D\u00eda 19 &#8211; Mesa redonda con el tema \u00abLos movimientos migratorios y el racismo\u00bb.<br>Participaran: en representaci\u00f3n del gobernador civil, Don Cesar Escribano Degordo; Don Miguel Mar\u00edn Vel\u00e1zquez, secretario general de Caritas Arag\u00f3n; Don Juan Rodrigo Navarro, presidente de la asamblea provincial de Cruz roja espa\u00f1ola y Don Francisco Beltr\u00e1n Odri, ex alcalde de Fraga. <br>Moderar\u00e1 el coloquio Don Jos\u00e9 Luis Brualla, director de Radio Benabarre.<\/p>\n\n\n\n<p>D\u00eda 20 &#8211; Conferencia a cargo de Don Fernando Latorre Alcazo, director general de servicios agrarios del departamento de agricultura, ganader\u00eda y montes de la DGA; con el tema \u00abLos acuerdos de la ronda de Uruguay y del GATT y su incidencia en la pol\u00edtica agraria com\u00fan\u00bb.<\/p>\n\n\n\n<p>D\u00eda 21 &#8211; Conferencia por Don Rafael Andolz Canela, escritor y miembro del instituto de estudios altoaragoneses, con el tema \u00abBromas y chascarrillos alrededor de una partida de gui\u00f1ote\u00bb.<\/p>\n","protected":false},"excerpt":{"rendered":"<p>D\u00eda 17 &#8211; Representaci\u00f3n teatral a cargo de los alumnos de colegio publico de Azanuy que pondr\u00e1n en escena la obra \u00abEl enfermo imaginario\u00bb, dirigidos por el profesor Don Jes\u00fas Vi\u00f1uales Borau. D\u00eda 18 &#8211; Conferencia-recital a cargo del cantautor Don Jos\u00e9 Antonio Labordeta con el tema \u00abLa canci\u00f3n aragonesa como elemento de reivindicaci\u00f3n\u00bb D\u00eda [&hellip;]<\/p>\n","protected":false},"author":1,"featured_media":0,"comment_status":"closed","ping_status":"open","sticky":false,"template":"templates\/template-full-width.php","format":"standard","meta":{"footnotes":""},"categories":[1],"tags":[],"class_list":["post-112","post","type-post","status-publish","format-standard","hentry","category-semana-cultural"],"_links":{"self":[{"href":"https:\/\/www.azanuy.com\/wordpress\/wp-json\/wp\/v2\/posts\/112","targetHints":{"allow":["GET"]}}],"collection":[{"href":"https:\/\/www.azanuy.com\/wordpress\/wp-json\/wp\/v2\/posts"}],"about":[{"href":"https:\/\/www.azanuy.com\/wordpress\/wp-json\/wp\/v2\/types\/post"}],"author":[{"embeddable":true,"href":"https:\/\/www.azanuy.com\/wordpress\/wp-json\/wp\/v2\/users\/1"}],"replies":[{"embeddable":true,"href":"https:\/\/www.azanuy.com\/wordpress\/wp-json\/wp\/v2\/comments?post=112"}],"version-history":[{"count":1,"href":"https:\/\/www.azanuy.com\/wordpress\/wp-json\/wp\/v2\/posts\/112\/revisions"}],"predecessor-version":[{"id":113,"href":"https:\/\/www.azanuy.com\/wordpress\/wp-json\/wp\/v2\/posts\/112\/revisions\/113"}],"wp:attachment":[{"href":"https:\/\/www.azanuy.com\/wordpress\/wp-json\/wp\/v2\/media?parent=112"}],"wp:term":[{"taxonomy":"category","embeddable":true,"href":"https:\/\/www.azanuy.com\/wordpress\/wp-json\/wp\/v2\/categories?post=112"},{"taxonomy":"post_tag","embeddable":true,"href":"https:\/\/www.azanuy.com\/wordpress\/wp-json\/wp\/v2\/tags?post=112"}],"curies":[{"name":"wp","href":"https:\/\/api.w.org\/{rel}","templated":true}]}}