{"id":110,"date":"2021-01-04T12:42:12","date_gmt":"2021-01-04T11:42:12","guid":{"rendered":"https:\/\/www.azanuy.com\/wordpress\/?p=110"},"modified":"2021-01-04T13:08:38","modified_gmt":"2021-01-04T12:08:38","slug":"1993-xiv-semana-cultural","status":"publish","type":"post","link":"https:\/\/www.azanuy.com\/wordpress\/1993-xiv-semana-cultural\/","title":{"rendered":"1993 XIV Semana Cultural"},"content":{"rendered":"\n<p>D\u00eda 18 &#8211; Representaci\u00f3n teatral a cargo de los alumnos de colegio publico de Azanuy que pondr\u00e1n en escena la obra \u00abEl mandam\u00e1s m\u00e1s-m\u00e1s y las maquinas pitipitroncas\u00bb.<\/p>\n\n\n\n<p>D\u00eda 19 &#8211; Conferencia a cargo de Don Jos\u00e9 Antonio Chauvell Larregola, escritor; con el tema \u00abLeyendas y cuentos populares de la Litera\u00bb.<\/p>\n\n\n\n<p>D\u00eda 20 &#8211; Charla-coloquio por Don Agust\u00edn Marin\u00e9, responsable de relaciones internacionales del sindicato agrario J\u00f3venes agricultores; con el tema \u00abLas negociaciones del GATT y su incidencia en la agricultura aragonesa\u00bb.<\/p>\n\n\n\n<p>D\u00eda 21 &#8211; Mesa redonda con el tema \u00abEl pacto auton\u00f3mico y su incidencia en Arag\u00f3n\u00bb.<br>Intervendr\u00e1n: por el PSOE Don Francisco Pina; por el PP Don Antonio Lacleta; por el PAR Don Mariano Ram\u00f3n; por IU Don Miguel \u00c1ngel Fustero; por el CDS Don Jos\u00e9 Luis Pomar y por CHA Don Chesus Bernal. <br>Moderar\u00e1 el coloquio el periodista Don Javier Garc\u00eda Ant\u00f3n, redactor jefe del Diario del Altoarag\u00f3n.<\/p>\n\n\n\n<p>D\u00eda 22- Conferencia a cargo del Exmo. Se\u00f1or Don Luis Acin Boned, consejero de ordenaci\u00f3n territorial, obras publicas y transportes; con el tema \u00abLa ordenaci\u00f3n del territorio en Arag\u00f3n\u00bb.<\/p>\n","protected":false},"excerpt":{"rendered":"<p>D\u00eda 18 &#8211; Representaci\u00f3n teatral a cargo de los alumnos de colegio publico de Azanuy que pondr\u00e1n en escena la obra \u00abEl mandam\u00e1s m\u00e1s-m\u00e1s y las maquinas pitipitroncas\u00bb. D\u00eda 19 &#8211; Conferencia a cargo de Don Jos\u00e9 Antonio Chauvell Larregola, escritor; con el tema \u00abLeyendas y cuentos populares de la Litera\u00bb. D\u00eda 20 &#8211; Charla-coloquio [&hellip;]<\/p>\n","protected":false},"author":1,"featured_media":0,"comment_status":"closed","ping_status":"open","sticky":false,"template":"templates\/template-full-width.php","format":"standard","meta":{"footnotes":""},"categories":[1],"tags":[],"class_list":["post-110","post","type-post","status-publish","format-standard","hentry","category-semana-cultural"],"_links":{"self":[{"href":"https:\/\/www.azanuy.com\/wordpress\/wp-json\/wp\/v2\/posts\/110","targetHints":{"allow":["GET"]}}],"collection":[{"href":"https:\/\/www.azanuy.com\/wordpress\/wp-json\/wp\/v2\/posts"}],"about":[{"href":"https:\/\/www.azanuy.com\/wordpress\/wp-json\/wp\/v2\/types\/post"}],"author":[{"embeddable":true,"href":"https:\/\/www.azanuy.com\/wordpress\/wp-json\/wp\/v2\/users\/1"}],"replies":[{"embeddable":true,"href":"https:\/\/www.azanuy.com\/wordpress\/wp-json\/wp\/v2\/comments?post=110"}],"version-history":[{"count":1,"href":"https:\/\/www.azanuy.com\/wordpress\/wp-json\/wp\/v2\/posts\/110\/revisions"}],"predecessor-version":[{"id":111,"href":"https:\/\/www.azanuy.com\/wordpress\/wp-json\/wp\/v2\/posts\/110\/revisions\/111"}],"wp:attachment":[{"href":"https:\/\/www.azanuy.com\/wordpress\/wp-json\/wp\/v2\/media?parent=110"}],"wp:term":[{"taxonomy":"category","embeddable":true,"href":"https:\/\/www.azanuy.com\/wordpress\/wp-json\/wp\/v2\/categories?post=110"},{"taxonomy":"post_tag","embeddable":true,"href":"https:\/\/www.azanuy.com\/wordpress\/wp-json\/wp\/v2\/tags?post=110"}],"curies":[{"name":"wp","href":"https:\/\/api.w.org\/{rel}","templated":true}]}}