{"id":108,"date":"2021-01-04T12:41:27","date_gmt":"2021-01-04T11:41:27","guid":{"rendered":"https:\/\/www.azanuy.com\/wordpress\/?p=108"},"modified":"2021-01-04T13:08:38","modified_gmt":"2021-01-04T12:08:38","slug":"1992-xiii-semana-cultural","status":"publish","type":"post","link":"https:\/\/www.azanuy.com\/wordpress\/1992-xiii-semana-cultural\/","title":{"rendered":"1992 XIII Semana Cultural"},"content":{"rendered":"\n<p>D\u00eda 20 &#8211; Representaci\u00f3n teatral a cargo de los alumnos de colegio publico de Azanuy que pondr\u00e1n en escena la obra \u00abEl fantasma del castillo\u00bb.<\/p>\n\n\n\n<p>D\u00eda 21 &#8211; Conferencia por Don Jos\u00e9 Galindo Malo y Don Jos\u00e9 Antonio Til Olivera, profesores del IES Mor de Fuentes de Monz\u00f3n, con el tema \u00abLos fueros de Arag\u00f3n y el Justicia\u00bb.<\/p>\n\n\n\n<p>D\u00eda 22 &#8211; Conferencia por el Exmo. Se\u00f1or Don Fernando Lavena Gallizo, consejero de sanidad, bienestar social y trabajo del Gobierno de Arag\u00f3n; con el tema \u00abLa asistencia a la tercera edad en los n\u00facleos rurales\u00bb.<\/p>\n\n\n\n<p>D\u00eda 23 &#8211; Conferencia por el Exmo. Se\u00f1or Don Ricardo Marzo Mediano, capit\u00e1n general de la regi\u00f3n militar pirenaico-oriental con el tema \u00abEl futuro de los ej\u00e9rcitos en la Europa comunitaria\u00bb.<\/p>\n\n\n\n<p>D\u00eda 24 &#8211; Mesa redonda con el tema \u00abLa financiaci\u00f3n de las comunidades aut\u00f3nomas\u00bb.<br>Intervendr\u00e1n: Don Eduardo Moga Bayona, licenciado en derecho y jefe de secci\u00f3n fiscal del servicio de intervenci\u00f3n de la delegaci\u00f3n territorial del departamento de econom\u00eda y finanzas de la Generalitat de Catalu\u00f1a y Don Antonio Laguarta Laguarta, secretario general de la presidencia del Gobierno de Arag\u00f3n. Ser\u00e1 moderador el periodista Don Ram\u00f3n Buetas Coronas, redactor de la secci\u00f3n de pol\u00edtica de Diario 16 de Arag\u00f3n.<\/p>\n","protected":false},"excerpt":{"rendered":"<p>D\u00eda 20 &#8211; Representaci\u00f3n teatral a cargo de los alumnos de colegio publico de Azanuy que pondr\u00e1n en escena la obra \u00abEl fantasma del castillo\u00bb. D\u00eda 21 &#8211; Conferencia por Don Jos\u00e9 Galindo Malo y Don Jos\u00e9 Antonio Til Olivera, profesores del IES Mor de Fuentes de Monz\u00f3n, con el tema \u00abLos fueros de Arag\u00f3n [&hellip;]<\/p>\n","protected":false},"author":1,"featured_media":0,"comment_status":"closed","ping_status":"open","sticky":false,"template":"templates\/template-full-width.php","format":"standard","meta":{"footnotes":""},"categories":[1],"tags":[],"class_list":["post-108","post","type-post","status-publish","format-standard","hentry","category-semana-cultural"],"_links":{"self":[{"href":"https:\/\/www.azanuy.com\/wordpress\/wp-json\/wp\/v2\/posts\/108","targetHints":{"allow":["GET"]}}],"collection":[{"href":"https:\/\/www.azanuy.com\/wordpress\/wp-json\/wp\/v2\/posts"}],"about":[{"href":"https:\/\/www.azanuy.com\/wordpress\/wp-json\/wp\/v2\/types\/post"}],"author":[{"embeddable":true,"href":"https:\/\/www.azanuy.com\/wordpress\/wp-json\/wp\/v2\/users\/1"}],"replies":[{"embeddable":true,"href":"https:\/\/www.azanuy.com\/wordpress\/wp-json\/wp\/v2\/comments?post=108"}],"version-history":[{"count":1,"href":"https:\/\/www.azanuy.com\/wordpress\/wp-json\/wp\/v2\/posts\/108\/revisions"}],"predecessor-version":[{"id":109,"href":"https:\/\/www.azanuy.com\/wordpress\/wp-json\/wp\/v2\/posts\/108\/revisions\/109"}],"wp:attachment":[{"href":"https:\/\/www.azanuy.com\/wordpress\/wp-json\/wp\/v2\/media?parent=108"}],"wp:term":[{"taxonomy":"category","embeddable":true,"href":"https:\/\/www.azanuy.com\/wordpress\/wp-json\/wp\/v2\/categories?post=108"},{"taxonomy":"post_tag","embeddable":true,"href":"https:\/\/www.azanuy.com\/wordpress\/wp-json\/wp\/v2\/tags?post=108"}],"curies":[{"name":"wp","href":"https:\/\/api.w.org\/{rel}","templated":true}]}}