{"id":106,"date":"2021-01-04T12:40:59","date_gmt":"2021-01-04T11:40:59","guid":{"rendered":"https:\/\/www.azanuy.com\/wordpress\/?p=106"},"modified":"2021-01-04T13:08:38","modified_gmt":"2021-01-04T12:08:38","slug":"1991-xii-semana-cultural","status":"publish","type":"post","link":"https:\/\/www.azanuy.com\/wordpress\/1991-xii-semana-cultural\/","title":{"rendered":"1991 XII Semana Cultural"},"content":{"rendered":"\n<p>D\u00eda 13 &#8211; Inauguraci\u00f3n de la exposici\u00f3n de artesan\u00eda realizadas por las mujeres de Azanuy y de pinturas, esculturas y plumillas de las que es autora Emilia Hern\u00e1ndez.<\/p>\n\n\n\n<p>D\u00eda 14 &#8211; Representaci\u00f3n teatral a cargo de los alumnos de colegio publico de Azanuy.<\/p>\n\n\n\n<p>D\u00eda 15 &#8211; Charla-coloquio con proyecci\u00f3n de diapositivas, con el tema: \u00abExpedici\u00f3n a la cordillera blanca de los Andes\u00bb, a cargo de Don Jes\u00fas Las\u00fas Pividal y Don Jos\u00e9 Chaverri Alam\u00e1n.<\/p>\n\n\n\n<p>D\u00eda 16 &#8211; Conferencia por Don Antonio Blanc Altemir, profesor de derecho internacional publico de la facultad de derecho de Lleida y coordinador del \u00e1rea de derecho de la UNED de Barbastro, con el tema \u00abLa integraci\u00f3n de Espa\u00f1a en Europa en el pensamiento de Joaqu\u00edn Costa\u00bb.<\/p>\n\n\n\n<p>D\u00eda 17 &#8211; Mesa redonda, con el tema \u00abLa utilizaci\u00f3n de subproductos en la alimentaci\u00f3n animal y su influencia en la formulaci\u00f3n de piensos\u00bb.<br>Participan: Don Luis Miguel Albarr\u00e1n, jefe de servicio de producci\u00f3n animal de la DGA; Don F\u00e9lix Esteras, jefe de secci\u00f3n de alimentaci\u00f3n de la DGA; Don Enrique Novales, gerente de la cooperativa SOMOVI de Almudevar y Don Agust\u00edn Marin\u00e9, presidente de AGPME; <br>El coloquio ser\u00e1 moderado por Don Carlos Ansaldo, periodista de Radio Monz\u00f3n.<\/p>\n\n\n\n<p>D\u00eda 18 &#8211; Conferencia por el Exmo. Se\u00f1or Don Hip\u00f3lito Gomez de las Roces, presidente del Gobierno de Arag\u00f3n; con el tema \u00abLa reforma del estatuto de autonom\u00eda\u00bb.<\/p>\n\n\n\n<p>D\u00eda 20- Concierto a cargo de la coral montisonense.<\/p>\n","protected":false},"excerpt":{"rendered":"<p>D\u00eda 13 &#8211; Inauguraci\u00f3n de la exposici\u00f3n de artesan\u00eda realizadas por las mujeres de Azanuy y de pinturas, esculturas y plumillas de las que es autora Emilia Hern\u00e1ndez. D\u00eda 14 &#8211; Representaci\u00f3n teatral a cargo de los alumnos de colegio publico de Azanuy. D\u00eda 15 &#8211; Charla-coloquio con proyecci\u00f3n de diapositivas, con el tema: \u00abExpedici\u00f3n [&hellip;]<\/p>\n","protected":false},"author":1,"featured_media":0,"comment_status":"closed","ping_status":"open","sticky":false,"template":"templates\/template-full-width.php","format":"standard","meta":{"footnotes":""},"categories":[1],"tags":[],"class_list":["post-106","post","type-post","status-publish","format-standard","hentry","category-semana-cultural"],"_links":{"self":[{"href":"https:\/\/www.azanuy.com\/wordpress\/wp-json\/wp\/v2\/posts\/106","targetHints":{"allow":["GET"]}}],"collection":[{"href":"https:\/\/www.azanuy.com\/wordpress\/wp-json\/wp\/v2\/posts"}],"about":[{"href":"https:\/\/www.azanuy.com\/wordpress\/wp-json\/wp\/v2\/types\/post"}],"author":[{"embeddable":true,"href":"https:\/\/www.azanuy.com\/wordpress\/wp-json\/wp\/v2\/users\/1"}],"replies":[{"embeddable":true,"href":"https:\/\/www.azanuy.com\/wordpress\/wp-json\/wp\/v2\/comments?post=106"}],"version-history":[{"count":1,"href":"https:\/\/www.azanuy.com\/wordpress\/wp-json\/wp\/v2\/posts\/106\/revisions"}],"predecessor-version":[{"id":107,"href":"https:\/\/www.azanuy.com\/wordpress\/wp-json\/wp\/v2\/posts\/106\/revisions\/107"}],"wp:attachment":[{"href":"https:\/\/www.azanuy.com\/wordpress\/wp-json\/wp\/v2\/media?parent=106"}],"wp:term":[{"taxonomy":"category","embeddable":true,"href":"https:\/\/www.azanuy.com\/wordpress\/wp-json\/wp\/v2\/categories?post=106"},{"taxonomy":"post_tag","embeddable":true,"href":"https:\/\/www.azanuy.com\/wordpress\/wp-json\/wp\/v2\/tags?post=106"}],"curies":[{"name":"wp","href":"https:\/\/api.w.org\/{rel}","templated":true}]}}