{"id":104,"date":"2021-01-04T12:40:17","date_gmt":"2021-01-04T11:40:17","guid":{"rendered":"https:\/\/www.azanuy.com\/wordpress\/?p=104"},"modified":"2021-01-04T13:08:38","modified_gmt":"2021-01-04T12:08:38","slug":"1990-xi-semana-cultural","status":"publish","type":"post","link":"https:\/\/www.azanuy.com\/wordpress\/1990-xi-semana-cultural\/","title":{"rendered":"1990 XI Semana Cultural"},"content":{"rendered":"\n<p>D\u00eda 15 &#8211; Conferencia por Don Manuel Benito Moliner, presidente del instituto aragon\u00e9s de antropolog\u00eda, con el tema \u00abEl ciclo festivo en el Alto Arag\u00f3n\u00bb.<\/p>\n\n\n\n<p>D\u00eda 16 &#8211; Conferencia por Don Manuel Iglesias Costa, delegado del patrimonio cultural de la di\u00f3cesis de Barbastro, con el tema \u00abAzanuy y su iglesia\u00bb.<\/p>\n\n\n\n<p>D\u00eda 17 &#8211; Mesa redonda con el tema \u00abLas mancomunidades de municipios\u00bb.<br>Participan: Don Modesto Capdevila Maga\u00f1a, presidente de la Mancomunidad de la Litera; Don Ernesto Baringo Jord\u00e1n, alcalde de Monz\u00f3n y Don Manuel Rodr\u00edguez Chesa, alcalde de Barbastro. <br>Moderar\u00e1 el coloquio Don Javier Cortijo, director de RNE Radio 5 en Barbastro.<\/p>\n\n\n\n<p>D\u00eda 18 &#8211; Proyecci\u00f3n del video \u00abEl castillo de Monz\u00f3n\u00bb, del que es autor Eugenio Monesma y gui\u00f3n de Enrique Naval.<br>Al finalizar habr\u00e1 un coloquio sobre el IX centenario de la reconquista de Monz\u00f3n por miembros de CEHIMO.<\/p>\n\n\n\n<p>D\u00eda 19 &#8211; Representaci\u00f3n teatral por los ni\u00f1os de las escuelas de Azanuy y Peralta de la sal.<br>Al finalizar concierto con la actuaci\u00f3n del coro de mujeres de Alcampell, dirigido por Don Enrique Noguero.<\/p>\n\n\n\n<p>De los d\u00edas 19 al 21 estar\u00e1 abierta una exposici\u00f3n de cer\u00e1mica y piedra tallada, con trabajos realizados por miembros de la escuela taller de Tamarite de Litera.<\/p>\n","protected":false},"excerpt":{"rendered":"<p>D\u00eda 15 &#8211; Conferencia por Don Manuel Benito Moliner, presidente del instituto aragon\u00e9s de antropolog\u00eda, con el tema \u00abEl ciclo festivo en el Alto Arag\u00f3n\u00bb. D\u00eda 16 &#8211; Conferencia por Don Manuel Iglesias Costa, delegado del patrimonio cultural de la di\u00f3cesis de Barbastro, con el tema \u00abAzanuy y su iglesia\u00bb. D\u00eda 17 &#8211; Mesa redonda [&hellip;]<\/p>\n","protected":false},"author":1,"featured_media":0,"comment_status":"closed","ping_status":"open","sticky":false,"template":"templates\/template-full-width.php","format":"standard","meta":{"footnotes":""},"categories":[1],"tags":[],"class_list":["post-104","post","type-post","status-publish","format-standard","hentry","category-semana-cultural"],"_links":{"self":[{"href":"https:\/\/www.azanuy.com\/wordpress\/wp-json\/wp\/v2\/posts\/104","targetHints":{"allow":["GET"]}}],"collection":[{"href":"https:\/\/www.azanuy.com\/wordpress\/wp-json\/wp\/v2\/posts"}],"about":[{"href":"https:\/\/www.azanuy.com\/wordpress\/wp-json\/wp\/v2\/types\/post"}],"author":[{"embeddable":true,"href":"https:\/\/www.azanuy.com\/wordpress\/wp-json\/wp\/v2\/users\/1"}],"replies":[{"embeddable":true,"href":"https:\/\/www.azanuy.com\/wordpress\/wp-json\/wp\/v2\/comments?post=104"}],"version-history":[{"count":1,"href":"https:\/\/www.azanuy.com\/wordpress\/wp-json\/wp\/v2\/posts\/104\/revisions"}],"predecessor-version":[{"id":105,"href":"https:\/\/www.azanuy.com\/wordpress\/wp-json\/wp\/v2\/posts\/104\/revisions\/105"}],"wp:attachment":[{"href":"https:\/\/www.azanuy.com\/wordpress\/wp-json\/wp\/v2\/media?parent=104"}],"wp:term":[{"taxonomy":"category","embeddable":true,"href":"https:\/\/www.azanuy.com\/wordpress\/wp-json\/wp\/v2\/categories?post=104"},{"taxonomy":"post_tag","embeddable":true,"href":"https:\/\/www.azanuy.com\/wordpress\/wp-json\/wp\/v2\/tags?post=104"}],"curies":[{"name":"wp","href":"https:\/\/api.w.org\/{rel}","templated":true}]}}