{"id":100,"date":"2021-01-04T12:39:00","date_gmt":"2021-01-04T11:39:00","guid":{"rendered":"https:\/\/www.azanuy.com\/wordpress\/?p=100"},"modified":"2021-01-04T13:08:38","modified_gmt":"2021-01-04T12:08:38","slug":"1988-ix-semana-cultural","status":"publish","type":"post","link":"https:\/\/www.azanuy.com\/wordpress\/1988-ix-semana-cultural\/","title":{"rendered":"1988 IX Semana Cultural"},"content":{"rendered":"\n<p>D\u00eda 16 &#8211; Inauguraci\u00f3n de la exposici\u00f3n de libros, revistas y peri\u00f3dicos antiguos.<br>Conferencia a cargo de Don Celedonio Garc\u00eda y Don Jos\u00e9 Antonio Adell, autores del libro \u00abEl pedestrismo en Arag\u00f3n\u00bb, con el tema \u00abLas corridas pedestres en Arag\u00f3n\u00bb.<\/p>\n\n\n\n<p>D\u00eda 17 &#8211; Misa y festival folcl\u00f3rico interpretado por la rondalla Santa B\u00e1rbara de Azanuy.<\/p>\n\n\n\n<p>D\u00eda 18 &#8211; Conferencia por Do\u00f1a Ana Soria Moneva, licenciada en derecho y colaboradora del Diario del Altoarag\u00f3n, con el tema \u00abVigencia actual del derecho foral aragon\u00e9s\u00bb.<\/p>\n\n\n\n<p>D\u00eda 19 &#8211; Mesa redonda con el tema \u00abSituaci\u00f3n actual de la justicia en Espa\u00f1a\u00bb.<br>Intervendr\u00e1n Don Antonio Ang\u00f3s Ullate, juez de primera instancia del juzgado de Barbastro; Don Jes\u00fas Galindo Ayda, abogado fiscal de la audiencia provincial de Huesca; Don Carlos Allu\u00e9 Espa\u00f1ol, abogado; el coloquio ser\u00e1 moderado por Don Javier Cortijo, director de Radio Cadena Espa\u00f1ola en Barbastro.<\/p>\n\n\n\n<p>D\u00eda 20 &#8211; Concierto de m\u00fasica cl\u00e1sica por el quinteto de pulso y p\u00faa \u00abEsbin\u00bb.<\/p>\n\n\n\n<p>D\u00eda 21 &#8211; Conferencia por Do\u00f1a Mar\u00eda Victoria Sanagustin Fons, licenciada en psicolog\u00eda y orientadora familiar, con el tema \u00abCondici\u00f3n social de la mujer actual\u00bb.<\/p>\n\n\n\n<p>D\u00eda 22 &#8211; Estreno del corto etnol\u00f3gico \u00abLa trashumancia\u00bb de Don Eugenio Monesma Moliner.<\/p>\n","protected":false},"excerpt":{"rendered":"<p>D\u00eda 16 &#8211; Inauguraci\u00f3n de la exposici\u00f3n de libros, revistas y peri\u00f3dicos antiguos.Conferencia a cargo de Don Celedonio Garc\u00eda y Don Jos\u00e9 Antonio Adell, autores del libro \u00abEl pedestrismo en Arag\u00f3n\u00bb, con el tema \u00abLas corridas pedestres en Arag\u00f3n\u00bb. D\u00eda 17 &#8211; Misa y festival folcl\u00f3rico interpretado por la rondalla Santa B\u00e1rbara de Azanuy. D\u00eda [&hellip;]<\/p>\n","protected":false},"author":1,"featured_media":0,"comment_status":"closed","ping_status":"open","sticky":false,"template":"templates\/template-full-width.php","format":"standard","meta":{"footnotes":""},"categories":[1],"tags":[],"class_list":["post-100","post","type-post","status-publish","format-standard","hentry","category-semana-cultural"],"_links":{"self":[{"href":"https:\/\/www.azanuy.com\/wordpress\/wp-json\/wp\/v2\/posts\/100","targetHints":{"allow":["GET"]}}],"collection":[{"href":"https:\/\/www.azanuy.com\/wordpress\/wp-json\/wp\/v2\/posts"}],"about":[{"href":"https:\/\/www.azanuy.com\/wordpress\/wp-json\/wp\/v2\/types\/post"}],"author":[{"embeddable":true,"href":"https:\/\/www.azanuy.com\/wordpress\/wp-json\/wp\/v2\/users\/1"}],"replies":[{"embeddable":true,"href":"https:\/\/www.azanuy.com\/wordpress\/wp-json\/wp\/v2\/comments?post=100"}],"version-history":[{"count":1,"href":"https:\/\/www.azanuy.com\/wordpress\/wp-json\/wp\/v2\/posts\/100\/revisions"}],"predecessor-version":[{"id":101,"href":"https:\/\/www.azanuy.com\/wordpress\/wp-json\/wp\/v2\/posts\/100\/revisions\/101"}],"wp:attachment":[{"href":"https:\/\/www.azanuy.com\/wordpress\/wp-json\/wp\/v2\/media?parent=100"}],"wp:term":[{"taxonomy":"category","embeddable":true,"href":"https:\/\/www.azanuy.com\/wordpress\/wp-json\/wp\/v2\/categories?post=100"},{"taxonomy":"post_tag","embeddable":true,"href":"https:\/\/www.azanuy.com\/wordpress\/wp-json\/wp\/v2\/tags?post=100"}],"curies":[{"name":"wp","href":"https:\/\/api.w.org\/{rel}","templated":true}]}}